{"id":15746,"date":"2023-07-16T18:19:18","date_gmt":"2023-07-17T00:19:18","guid":{"rendered":"http:\/\/fge.oaxaca.gob.mx\/?post_type=noticias&amp;p=5190"},"modified":"2023-07-16T18:19:18","modified_gmt":"2023-07-17T00:19:18","slug":"recupera-fiscalia-de-oaxaca-a-bebe-de-un-ano-reportada-como-no-localizada-en-guanajuato","status":"publish","type":"noticias","link":"https:\/\/portal.fgeo.gob.mx\/index.php\/archivos\/noticias\/recupera-fiscalia-de-oaxaca-a-bebe-de-un-ano-reportada-como-no-localizada-en-guanajuato","title":{"rendered":"Recupera Fiscal\u00eda de Oaxaca a beb\u00e9 de un a\u00f1o reportada como No Localizada en Guanajuato"},"content":{"rendered":"<p style=\"font-weight: 400; text-align: justify;\"><strong>Oaxaca de Ju\u00e1rez, Oax., a 16 de julio de 2023.-\u00a0<\/strong>La Fiscal\u00eda General del Estado de Oaxaca, a trav\u00e9s del \u00e1rea de personas No Localizadas de la Vicefiscal\u00eda Regional de la Cuenca, ubic\u00f3 a una menor de un a\u00f1o de edad, quien hab\u00eda sido reportada como desaparecida el pasado 9 de julio de 2023 en Salvatierra, Guanajuato.<\/p>\n<p style=\"font-weight: 400; text-align: justify;\">Este 16 de julio, la beb\u00e9 \u2013quien contaba con Alerta Amber&#8211; fue situada en San Juan Bautista Tuxtepec, en la regi\u00f3n de la Cuenca, donde personal de la FGEO llev\u00f3 a cabo su recuperaci\u00f3n, confirmando el bienestar en su integridad f\u00edsica.<\/p>\n<p style=\"font-weight: 400; text-align: justify;\">Ante ello, se estableci\u00f3 comunicaci\u00f3n con la Fiscal\u00eda de Guanajuato, a fin de coadyuvar en la entrega de la menor a su mam\u00e1.<\/p>\n<p style=\"font-weight: 400; text-align: justify;\">Con lo anterior, se cumple con los lineamientos para garantizar el inter\u00e9s superior de las ni\u00f1as, ni\u00f1os y adolescentes y se da cumplimiento a los convenios de colaboraci\u00f3n contra\u00eddos en materia de procuraci\u00f3n de justicia.<\/p>\n","protected":false},"author":1,"featured_media":3175,"comment_status":"closed","ping_status":"closed","template":"","tags":[],"categoria_noticias":[],"class_list":["post-15746","noticias","type-noticias","status-publish","has-post-thumbnail","hentry"],"acf":[],"mb":[],"mfb_rest_fields":["title","gutenberg_elementor_mode"],"_links":{"self":[{"href":"https:\/\/portal.fgeo.gob.mx\/index.php\/wp-json\/wp\/v2\/noticias\/15746","targetHints":{"allow":["GET"]}}],"collection":[{"href":"https:\/\/portal.fgeo.gob.mx\/index.php\/wp-json\/wp\/v2\/noticias"}],"about":[{"href":"https:\/\/portal.fgeo.gob.mx\/index.php\/wp-json\/wp\/v2\/types\/noticias"}],"author":[{"embeddable":true,"href":"https:\/\/portal.fgeo.gob.mx\/index.php\/wp-json\/wp\/v2\/users\/1"}],"replies":[{"embeddable":true,"href":"https:\/\/portal.fgeo.gob.mx\/index.php\/wp-json\/wp\/v2\/comments?post=15746"}],"wp:featuredmedia":[{"embeddable":true,"href":"https:\/\/portal.fgeo.gob.mx\/index.php\/wp-json\/"}],"wp:attachment":[{"href":"https:\/\/portal.fgeo.gob.mx\/index.php\/wp-json\/wp\/v2\/media?parent=15746"}],"wp:term":[{"taxonomy":"post_tag","embeddable":true,"href":"https:\/\/portal.fgeo.gob.mx\/index.php\/wp-json\/wp\/v2\/tags?post=15746"},{"taxonomy":"categoria_noticias","embeddable":true,"href":"https:\/\/portal.fgeo.gob.mx\/index.php\/wp-json\/wp\/v2\/categoria_noticias?post=15746"}],"curies":[{"name":"wp","href":"https:\/\/api.w.org\/{rel}","templated":true}]}}