{"id":15745,"date":"2023-07-16T15:54:43","date_gmt":"2023-07-16T21:54:43","guid":{"rendered":"http:\/\/fge.oaxaca.gob.mx\/?post_type=noticias&amp;p=5189"},"modified":"2023-07-16T15:54:43","modified_gmt":"2023-07-16T21:54:43","slug":"sentencia-de-80-anos-de-prision-y-multa-superior-a-un-millon-de-pesos-en-contra-de-responsable-de-secuestro-fiscalia-de-oaxaca","status":"publish","type":"noticias","link":"https:\/\/portal.fgeo.gob.mx\/index.php\/archivos\/noticias\/sentencia-de-80-anos-de-prision-y-multa-superior-a-un-millon-de-pesos-en-contra-de-responsable-de-secuestro-fiscalia-de-oaxaca","title":{"rendered":"Sentencia de 80 a\u00f1os de prisi\u00f3n y multa superior a un mill\u00f3n de pesos en contra de responsable de secuestro: Fiscal\u00eda de Oaxaca"},"content":{"rendered":"<p style=\"font-weight: 400; text-align: justify;\"><strong>Oaxaca de Ju\u00e1rez, Oax., a 16 de julio de 2023.-\u00a0<\/strong>El trabajo especializado en combate al secuestro permiti\u00f3 que la Fiscal\u00eda General del Estado de Oaxaca obtuviera una sentencia condenatoria de 80 a\u00f1os de prisi\u00f3n contra A. L. C. M., responsable del delito de Secuestro Agravado, cometido en la regi\u00f3n de la Cuenca del Papaloapan.<\/p>\n<p style=\"font-weight: 400; text-align: justify;\">Como consta en el expediente penal, los hechos ocurrieron el 7 de marzo de 2018, cuando la v\u00edctima -cuya identidad est\u00e1 reservada-, sali\u00f3 de su domicilio localizado en la colonia Jardines del Arroyo, en el municipio de San Juan Bautista Tuxtepec, momento en que lo vieron por \u00faltima vez.<\/p>\n<p style=\"font-weight: 400; text-align: justify;\">Enseguida, la familia de la v\u00edctima recibi\u00f3 llamadas telef\u00f3nicas en las que exig\u00edan una fuerte cantidad de dinero en efectivo y otros bienes, para dejarlo en libertad. A pesar de atender las indicaciones de los plagiarios, la v\u00edctima fue encontrada sin vida.<\/p>\n<p style=\"font-weight: 400; text-align: justify;\">Al tener conocimiento de los hechos, la FGEO intervino a trav\u00e9s de la Vicefiscal\u00eda Regional de la Cuenca, que inici\u00f3 las investigaciones que permitieron ejecutar una orden de aprehensi\u00f3n en contra de A. L. C. M.<\/p>\n<p style=\"font-weight: 400; text-align: justify;\">Luego de reunir los datos de prueba suficientes, la Fiscal\u00eda present\u00f3 al imputado ante el Juez que atiende la causa, quien dict\u00f3 sentencia condenatoria de 80 a\u00f1os de prisi\u00f3n en contra de A. L. C. M., a quien tambi\u00e9n impuso el pago de una multa y la reparaci\u00f3n del da\u00f1o, monto que en suma es superior a un mill\u00f3n 350 mil pesos, por su responsabilidad en la comisi\u00f3n del delito de Secuestro Agravado.<\/p>\n<p style=\"font-weight: 400; text-align: justify;\">La Fiscal\u00eda de Oaxaca cuenta con un equipo bien capacitado en combate al secuestro, lo cual garantiza la realizaci\u00f3n de investigaciones efectivas y expeditas para dar certeza a las v\u00edctimas como parte de las labores en el proceso de procuraci\u00f3n de justicia.<\/p>\n","protected":false},"author":1,"featured_media":3175,"comment_status":"closed","ping_status":"closed","template":"","tags":[],"categoria_noticias":[],"class_list":["post-15745","noticias","type-noticias","status-publish","has-post-thumbnail","hentry"],"acf":[],"mb":[],"mfb_rest_fields":["title","gutenberg_elementor_mode"],"_links":{"self":[{"href":"https:\/\/portal.fgeo.gob.mx\/index.php\/wp-json\/wp\/v2\/noticias\/15745","targetHints":{"allow":["GET"]}}],"collection":[{"href":"https:\/\/portal.fgeo.gob.mx\/index.php\/wp-json\/wp\/v2\/noticias"}],"about":[{"href":"https:\/\/portal.fgeo.gob.mx\/index.php\/wp-json\/wp\/v2\/types\/noticias"}],"author":[{"embeddable":true,"href":"https:\/\/portal.fgeo.gob.mx\/index.php\/wp-json\/wp\/v2\/users\/1"}],"replies":[{"embeddable":true,"href":"https:\/\/portal.fgeo.gob.mx\/index.php\/wp-json\/wp\/v2\/comments?post=15745"}],"wp:featuredmedia":[{"embeddable":true,"href":"https:\/\/portal.fgeo.gob.mx\/index.php\/wp-json\/"}],"wp:attachment":[{"href":"https:\/\/portal.fgeo.gob.mx\/index.php\/wp-json\/wp\/v2\/media?parent=15745"}],"wp:term":[{"taxonomy":"post_tag","embeddable":true,"href":"https:\/\/portal.fgeo.gob.mx\/index.php\/wp-json\/wp\/v2\/tags?post=15745"},{"taxonomy":"categoria_noticias","embeddable":true,"href":"https:\/\/portal.fgeo.gob.mx\/index.php\/wp-json\/wp\/v2\/categoria_noticias?post=15745"}],"curies":[{"name":"wp","href":"https:\/\/api.w.org\/{rel}","templated":true}]}}