{"id":15744,"date":"2023-07-15T15:06:58","date_gmt":"2023-07-15T21:06:58","guid":{"rendered":"http:\/\/fge.oaxaca.gob.mx\/?post_type=noticias&amp;p=5188"},"modified":"2023-07-15T15:06:58","modified_gmt":"2023-07-15T21:06:58","slug":"robustecer-vicefiscalias-regionales-fundamental-en-reingenieria-institucional-de-la-fgeo-rodriguez-alamilla","status":"publish","type":"noticias","link":"https:\/\/portal.fgeo.gob.mx\/index.php\/archivos\/noticias\/robustecer-vicefiscalias-regionales-fundamental-en-reingenieria-institucional-de-la-fgeo-rodriguez-alamilla","title":{"rendered":"Robustecer Vicefiscal\u00edas Regionales, fundamental en reingenier\u00eda institucional de la FGEO: Rodr\u00edguez Alamilla"},"content":{"rendered":"<p style=\"font-weight: 400; text-align: justify;\"><strong>Puerto Escondido, Oax., a 15 de julio de 2023.-\u00a0<\/strong>Al realizar un recorrido por la Vicefiscal\u00eda Regional de la Costa, el Fiscal General de Oaxaca, Bernardo Rodr\u00edguez Alamilla asegur\u00f3 que la reingenier\u00eda institucional que se lleva a cabo en el organismo implica el robustecimiento de la FGEO en cada regi\u00f3n, para brindar atenci\u00f3n con calidad y calidez a la ciudadan\u00eda.<\/p>\n<p style=\"font-weight: 400; text-align: justify;\">Ante ello, resalt\u00f3 las labores que realizan las y los trabajadores, lo que adem\u00e1s permite reconocer el contexto espec\u00edfico de la zona y coordinar las labores de procuraci\u00f3n de justicia.<\/p>\n<p style=\"font-weight: 400; text-align: justify;\">Acompa\u00f1ado por el Vicefiscal Regional de la Costa, Manuel Alejandro Motta Lara, el Fiscal General resalt\u00f3 el trabajo cotidiano realizado por ministerios p\u00fablicos, agentes de investigaci\u00f3n, personal administrativo y dem\u00e1s responsables de \u00e1reas.<\/p>\n<p style=\"font-weight: 400; text-align: justify;\">Sostuvo que la actual administraci\u00f3n est\u00e1 consciente de los retos que enfrentan quienes laboran en el organismo y parte de los mismos se enmarcan en la reconfiguraci\u00f3n institucional, de ah\u00ed la importancia de las y los servidores p\u00fablicos, de tal forma que escuchar sus necesidades permite dignificar sus condiciones de trabajo.<\/p>\n<p style=\"font-weight: 400; text-align: justify;\">Asimismo, el Fiscal General Bernardo Rodr\u00edguez Alamilla reiter\u00f3 que el organismo procurador de justicia tiene el compromiso de trabajar para el mejoramiento de los servicios de atenci\u00f3n a las v\u00edctimas, por ello, les encomend\u00f3 trabajar priorizando una perspectiva que privilegie la atenci\u00f3n a las v\u00edctimas, coloc\u00e1ndolas en el centro de la toma de decisiones.<\/p>\n<p style=\"font-weight: 400; text-align: justify;\">Finalmente, apunt\u00f3 que, en el marco del proceso de fortalecimiento y reingenier\u00eda institucional, uno de los ejes centrales es el acercamiento continuo a las diferentes oficinas regionales para realizar un trabajo humano.<\/p>\n","protected":false},"author":1,"featured_media":3175,"comment_status":"closed","ping_status":"closed","template":"","tags":[],"categoria_noticias":[],"class_list":["post-15744","noticias","type-noticias","status-publish","has-post-thumbnail","hentry"],"acf":[],"mb":[],"mfb_rest_fields":["title","gutenberg_elementor_mode"],"_links":{"self":[{"href":"https:\/\/portal.fgeo.gob.mx\/index.php\/wp-json\/wp\/v2\/noticias\/15744","targetHints":{"allow":["GET"]}}],"collection":[{"href":"https:\/\/portal.fgeo.gob.mx\/index.php\/wp-json\/wp\/v2\/noticias"}],"about":[{"href":"https:\/\/portal.fgeo.gob.mx\/index.php\/wp-json\/wp\/v2\/types\/noticias"}],"author":[{"embeddable":true,"href":"https:\/\/portal.fgeo.gob.mx\/index.php\/wp-json\/wp\/v2\/users\/1"}],"replies":[{"embeddable":true,"href":"https:\/\/portal.fgeo.gob.mx\/index.php\/wp-json\/wp\/v2\/comments?post=15744"}],"wp:featuredmedia":[{"embeddable":true,"href":"https:\/\/portal.fgeo.gob.mx\/index.php\/wp-json\/"}],"wp:attachment":[{"href":"https:\/\/portal.fgeo.gob.mx\/index.php\/wp-json\/wp\/v2\/media?parent=15744"}],"wp:term":[{"taxonomy":"post_tag","embeddable":true,"href":"https:\/\/portal.fgeo.gob.mx\/index.php\/wp-json\/wp\/v2\/tags?post=15744"},{"taxonomy":"categoria_noticias","embeddable":true,"href":"https:\/\/portal.fgeo.gob.mx\/index.php\/wp-json\/wp\/v2\/categoria_noticias?post=15744"}],"curies":[{"name":"wp","href":"https:\/\/api.w.org\/{rel}","templated":true}]}}