{"id":15743,"date":"2023-07-15T12:18:09","date_gmt":"2023-07-15T18:18:09","guid":{"rendered":"http:\/\/fge.oaxaca.gob.mx\/?post_type=noticias&amp;p=5187"},"modified":"2023-07-15T12:18:09","modified_gmt":"2023-07-15T18:18:09","slug":"ejecuta-fgeo-orden-de-aprehension-por-delito-de-homicidio-cometido-contra-integrante-del-mult","status":"publish","type":"noticias","link":"https:\/\/portal.fgeo.gob.mx\/index.php\/archivos\/noticias\/ejecuta-fgeo-orden-de-aprehension-por-delito-de-homicidio-cometido-contra-integrante-del-mult","title":{"rendered":"Ejecuta FGEO orden de aprehensi\u00f3n por delito de homicidio cometido contra integrante del MULT"},"content":{"rendered":"<p style=\"font-weight: 400; text-align: justify;\"><strong>Oaxaca de Ju\u00e1rez, Oax., a 15 de julio de 2023.- \u00a0\u00a0<\/strong>En colaboraci\u00f3n con la Fiscal\u00eda de Tamaulipas, la Fiscal\u00eda General del Estado de Oaxaca \u00a0(FGEO), a trav\u00e9s de la Agencia Estatal de Investigaciones (AEI), dio cumplimiento a una orden de aprehensi\u00f3n contra una persona identificada como J.H.B., por el delito de homicidio calificado con ventaja cometido en contra M.S.T., quien era integrante del Movimiento de Unificaci\u00f3n y Lucha Triqui (MULT) y ex agente municipal de San Miguel Copala, por hechos ocurridos en la regi\u00f3n Mixteca.<\/p>\n<p style=\"font-weight: 400; text-align: justify;\">De acuerdo con el expediente penal, el 7 de noviembre de 2018 en el camino de terracer\u00eda que conduce del Barrio de Guadalupe Yutee a la comunidad de Constancia del Rosario, la v\u00edctima M. S.T., &#8211;quien era profesor de educaci\u00f3n primaria&#8211; viajaba en su veh\u00edculo, cuando J.H.B., presuntamente le dispar\u00f3 ocasion\u00e1ndole heridas que posteriormente le provocaron la muerte.<\/p>\n<p style=\"font-weight: 400; text-align: justify;\">Al tomar conocimiento del caso, la Fiscal\u00eda General del Estado inici\u00f3 la investigaci\u00f3n correspondiente, a trav\u00e9s de la Vicefiscal\u00eda Regional de la Mixteca, misma que dio como resultado la obtenci\u00f3n de una orden de aprehensi\u00f3n que se ejecut\u00f3 en contra de J.H.B., en Tamaulipas.<\/p>\n<p style=\"font-weight: 400; text-align: justify;\">A su llegada a Oaxaca, el imputado fue presentado ante el Juez, quien calific\u00f3 de legal la detenci\u00f3n y dict\u00f3 la medida cautelar de prisi\u00f3n preventiva, la defensa solicit\u00f3 la ampliaci\u00f3n del t\u00e9rmino constitucional se\u00f1al\u00e1ndose el 19 de julio la audiencia de vinculaci\u00f3n a proceso.<\/p>\n<p style=\"font-weight: 400; text-align: justify;\">La FGEO realiza las acciones necesarias para atender los delitos de alto impacto y que trastocan el tejido social, pues el compromiso del organismo es garantizar mejores procesos de procuraci\u00f3n de justicia.<\/p>\n","protected":false},"author":1,"featured_media":3175,"comment_status":"closed","ping_status":"closed","template":"","tags":[],"categoria_noticias":[],"class_list":["post-15743","noticias","type-noticias","status-publish","has-post-thumbnail","hentry"],"acf":[],"mb":[],"mfb_rest_fields":["title","gutenberg_elementor_mode"],"_links":{"self":[{"href":"https:\/\/portal.fgeo.gob.mx\/index.php\/wp-json\/wp\/v2\/noticias\/15743","targetHints":{"allow":["GET"]}}],"collection":[{"href":"https:\/\/portal.fgeo.gob.mx\/index.php\/wp-json\/wp\/v2\/noticias"}],"about":[{"href":"https:\/\/portal.fgeo.gob.mx\/index.php\/wp-json\/wp\/v2\/types\/noticias"}],"author":[{"embeddable":true,"href":"https:\/\/portal.fgeo.gob.mx\/index.php\/wp-json\/wp\/v2\/users\/1"}],"replies":[{"embeddable":true,"href":"https:\/\/portal.fgeo.gob.mx\/index.php\/wp-json\/wp\/v2\/comments?post=15743"}],"wp:featuredmedia":[{"embeddable":true,"href":"https:\/\/portal.fgeo.gob.mx\/index.php\/wp-json\/"}],"wp:attachment":[{"href":"https:\/\/portal.fgeo.gob.mx\/index.php\/wp-json\/wp\/v2\/media?parent=15743"}],"wp:term":[{"taxonomy":"post_tag","embeddable":true,"href":"https:\/\/portal.fgeo.gob.mx\/index.php\/wp-json\/wp\/v2\/tags?post=15743"},{"taxonomy":"categoria_noticias","embeddable":true,"href":"https:\/\/portal.fgeo.gob.mx\/index.php\/wp-json\/wp\/v2\/categoria_noticias?post=15743"}],"curies":[{"name":"wp","href":"https:\/\/api.w.org\/{rel}","templated":true}]}}