{"id":15742,"date":"2023-07-14T16:52:10","date_gmt":"2023-07-14T22:52:10","guid":{"rendered":"http:\/\/fge.oaxaca.gob.mx\/?post_type=noticias&amp;p=5174"},"modified":"2023-07-14T16:52:10","modified_gmt":"2023-07-14T22:52:10","slug":"fortalecida-agencia-estatal-de-investigaciones-aei-con-renovacion-de-mandos-directivos-fiscal-general","status":"publish","type":"noticias","link":"https:\/\/portal.fgeo.gob.mx\/index.php\/archivos\/noticias\/fortalecida-agencia-estatal-de-investigaciones-aei-con-renovacion-de-mandos-directivos-fiscal-general","title":{"rendered":"Fortalecida Agencia Estatal de Investigaciones (AEI) con renovaci\u00f3n de mandos directivos: Fiscal General"},"content":{"rendered":"<p style=\"font-weight: 400; text-align: justify;\"><strong>Oaxaca de Ju\u00e1rez, Oax., a 14 de julio de 2023.-\u00a0<\/strong>Para fortalecer el trabajo de la Agencia Estatal de Investigaciones, el Fiscal General del Estado de Oaxaca, Bernardo Rodr\u00edguez Alamilla, en compa\u00f1\u00eda del Coordinador de la AEI, Jaciel V\u00e1squez Castro, presentaron a los nuevos mandos de la corporaci\u00f3n, como parte del proceso de reingenier\u00eda y fortalecimiento institucional para mejorar los procesos de procuraci\u00f3n de justica en beneficio de la sociedad oaxaque\u00f1a.<\/p>\n<p style=\"font-weight: 400; text-align: justify;\">Ante comandantes especializados y operativos, el Fiscal General present\u00f3 a Lenin Jim\u00e9nez Hern\u00e1ndez como director de Investigaciones; Rolando Ortiz Cruz, como subdirector de Investigaciones; Carlos Alberto Mart\u00ednez Ju\u00e1rez, como supervisor General; Francisco Enrique Lucero L\u00f3pez, como primer Comandante Operativo; Jacob Israel Guzm\u00e1n Hern\u00e1ndez como director de An\u00e1lisis y a Guadalupe Hern\u00e1ndez Hern\u00e1ndez, quien fungir\u00e1 como encargada del Grupo de Investigaci\u00f3n de Homicidios.<\/p>\n<p style=\"font-weight: 400; text-align: justify;\">Rodr\u00edguez Alamilla inst\u00f3 a los mandos designados a conducirse bajo los principios de diligencia, prontitud, conocimiento y respeto a los derechos humanos de las v\u00edctimas y tambi\u00e9n de quienes se encuentran bajo investigaci\u00f3n, pues estos procesos de reingenier\u00eda institucional est\u00e1n enfocados a la dotar de mejores servicios a la sociedad.<\/p>\n<p style=\"font-weight: 400; text-align: justify;\">Asimismo, resalt\u00f3 la experiencia de agente que recibieron los nombramientos, pues surgieron de las filas de la propia AEI, por lo cual cuentan con el conocimiento que permitir\u00e1 coadyuvar con el fortalecimiento de la instituci\u00f3n y es preciso reconocer sus capacidades operativas.<\/p>\n<p style=\"font-weight: 400; text-align: justify;\">Por su parte, el Coordinador General de la Agencia, Jaciel V\u00e1squez Castro, resalt\u00f3 que el compromiso de las y los agentes es mejorar los procesos de investigaci\u00f3n, y los nombramientos que realiza el Fiscal General, Bernardo Rodr\u00edguez Alamilla, tienen el objetivo de fortalecer los protocolos operativos en la instituci\u00f3n para dar mejores resultados.<\/p>\n<p style=\"font-weight: 400; text-align: justify;\">La Fiscal\u00eda General del Estado de Oaxaca contin\u00faa con acciones de reingenier\u00eda institucional que tiene el fin de mejorar y acercar a la ciudadan\u00eda servicios de procuraci\u00f3n de justicia con mecanismos m\u00e1s eficientes que permita garantizarles una atenci\u00f3n adecuada y efectiva.<\/p>\n","protected":false},"author":1,"featured_media":3175,"comment_status":"closed","ping_status":"closed","template":"","tags":[],"categoria_noticias":[],"class_list":["post-15742","noticias","type-noticias","status-publish","has-post-thumbnail","hentry"],"acf":[],"mb":[],"mfb_rest_fields":["title","gutenberg_elementor_mode"],"_links":{"self":[{"href":"https:\/\/portal.fgeo.gob.mx\/index.php\/wp-json\/wp\/v2\/noticias\/15742","targetHints":{"allow":["GET"]}}],"collection":[{"href":"https:\/\/portal.fgeo.gob.mx\/index.php\/wp-json\/wp\/v2\/noticias"}],"about":[{"href":"https:\/\/portal.fgeo.gob.mx\/index.php\/wp-json\/wp\/v2\/types\/noticias"}],"author":[{"embeddable":true,"href":"https:\/\/portal.fgeo.gob.mx\/index.php\/wp-json\/wp\/v2\/users\/1"}],"replies":[{"embeddable":true,"href":"https:\/\/portal.fgeo.gob.mx\/index.php\/wp-json\/wp\/v2\/comments?post=15742"}],"wp:featuredmedia":[{"embeddable":true,"href":"https:\/\/portal.fgeo.gob.mx\/index.php\/wp-json\/"}],"wp:attachment":[{"href":"https:\/\/portal.fgeo.gob.mx\/index.php\/wp-json\/wp\/v2\/media?parent=15742"}],"wp:term":[{"taxonomy":"post_tag","embeddable":true,"href":"https:\/\/portal.fgeo.gob.mx\/index.php\/wp-json\/wp\/v2\/tags?post=15742"},{"taxonomy":"categoria_noticias","embeddable":true,"href":"https:\/\/portal.fgeo.gob.mx\/index.php\/wp-json\/wp\/v2\/categoria_noticias?post=15742"}],"curies":[{"name":"wp","href":"https:\/\/api.w.org\/{rel}","templated":true}]}}