{"id":15737,"date":"2023-07-11T18:31:08","date_gmt":"2023-07-12T00:31:08","guid":{"rendered":"http:\/\/fge.oaxaca.gob.mx\/?post_type=noticias&amp;p=5166"},"modified":"2023-07-11T18:31:08","modified_gmt":"2023-07-12T00:31:08","slug":"fiscalia-de-oaxaca-obtiene-vinculacion-a-proceso-por-delito-contra-la-salud-cometido-en-la-costa","status":"publish","type":"noticias","link":"https:\/\/portal.fgeo.gob.mx\/index.php\/archivos\/noticias\/fiscalia-de-oaxaca-obtiene-vinculacion-a-proceso-por-delito-contra-la-salud-cometido-en-la-costa","title":{"rendered":"Fiscal\u00eda de Oaxaca obtiene vinculaci\u00f3n a proceso por delito Contra la salud cometido en la Costa"},"content":{"rendered":"<p style=\"font-weight: 400; text-align: justify;\"><strong>Oaxaca de Ju\u00e1rez, Oax., a 11 de julio de 2023.-\u00a0\u00a0<\/strong>La Fiscal\u00eda General del Estado de Oaxaca (FGEO) obtuvo auto de vinculaci\u00f3n a proceso en contra de una persona del sexo masculino identificada como L. H. G., por el delito Contra la Salud en su Modalidad de Narcomenudeo, cometido en la regi\u00f3n de la Costa.<\/p>\n<p style=\"font-weight: 400; text-align: justify;\">De acuerdo con el expediente del caso, el 8 de julio de 2023, una patrulla de la Polic\u00eda Estatal de la Secretar\u00eda de Seguridad Protecci\u00f3n Ciudadana (SSPC) realizaba rondines de disuasi\u00f3n y vigilancia sobre la carretera local que conduce del municipio de Pinotepa de Don Luis a San Juan Colorado, cuando observaron a una persona del sexo masculino a quien solicitaron hacer una revisi\u00f3n de rutina.<\/p>\n<p style=\"font-weight: 400; text-align: justify;\">Al realizar la inspecci\u00f3n, los elementos de la polic\u00eda localizaron entre sus pertenencias, un paquete que conten\u00eda hierba seca con las caracter\u00edsticas propias de la mariguana, por lo que la persona qued\u00f3 detenida y puesta a disposici\u00f3n del Ministerio P\u00fablico.<\/p>\n<p style=\"font-weight: 400; text-align: justify;\">La FGEO inici\u00f3 la investigaci\u00f3n correspondiente a trav\u00e9s de la Vicefiscal\u00eda Regional de la Costa, que llev\u00f3 al imputado ante el Juez, a quien dict\u00f3 auto de vinculaci\u00f3n a proceso por el delito de Contra la Salud en su Modalidad de Narcomenudeo.<\/p>\n<p style=\"font-weight: 400; text-align: justify;\">El combate a los delitos contra la salud est\u00e1 en la agenda prioritaria de la Fiscal\u00eda General del Estado de Oaxaca para abatir su incidencia por el impacto negativo que tienen en el tejido de la sociedad.<\/p>\n","protected":false},"author":1,"featured_media":3175,"comment_status":"closed","ping_status":"closed","template":"","tags":[],"categoria_noticias":[],"class_list":["post-15737","noticias","type-noticias","status-publish","has-post-thumbnail","hentry"],"acf":[],"mb":[],"mfb_rest_fields":["title","gutenberg_elementor_mode"],"_links":{"self":[{"href":"https:\/\/portal.fgeo.gob.mx\/index.php\/wp-json\/wp\/v2\/noticias\/15737","targetHints":{"allow":["GET"]}}],"collection":[{"href":"https:\/\/portal.fgeo.gob.mx\/index.php\/wp-json\/wp\/v2\/noticias"}],"about":[{"href":"https:\/\/portal.fgeo.gob.mx\/index.php\/wp-json\/wp\/v2\/types\/noticias"}],"author":[{"embeddable":true,"href":"https:\/\/portal.fgeo.gob.mx\/index.php\/wp-json\/wp\/v2\/users\/1"}],"replies":[{"embeddable":true,"href":"https:\/\/portal.fgeo.gob.mx\/index.php\/wp-json\/wp\/v2\/comments?post=15737"}],"wp:featuredmedia":[{"embeddable":true,"href":"https:\/\/portal.fgeo.gob.mx\/index.php\/wp-json\/"}],"wp:attachment":[{"href":"https:\/\/portal.fgeo.gob.mx\/index.php\/wp-json\/wp\/v2\/media?parent=15737"}],"wp:term":[{"taxonomy":"post_tag","embeddable":true,"href":"https:\/\/portal.fgeo.gob.mx\/index.php\/wp-json\/wp\/v2\/tags?post=15737"},{"taxonomy":"categoria_noticias","embeddable":true,"href":"https:\/\/portal.fgeo.gob.mx\/index.php\/wp-json\/wp\/v2\/categoria_noticias?post=15737"}],"curies":[{"name":"wp","href":"https:\/\/api.w.org\/{rel}","templated":true}]}}