{"id":15736,"date":"2023-07-11T17:14:34","date_gmt":"2023-07-11T23:14:34","guid":{"rendered":"http:\/\/fge.oaxaca.gob.mx\/?post_type=noticias&amp;p=5165"},"modified":"2023-07-11T17:14:34","modified_gmt":"2023-07-11T23:14:34","slug":"logra-fiscalia-de-oaxaca-sentencia-de-25-anos-de-prision-contra-hombre-responsable-del-delito-de-violacion","status":"publish","type":"noticias","link":"https:\/\/portal.fgeo.gob.mx\/index.php\/archivos\/noticias\/logra-fiscalia-de-oaxaca-sentencia-de-25-anos-de-prision-contra-hombre-responsable-del-delito-de-violacion","title":{"rendered":"Logra Fiscal\u00eda de Oaxaca sentencia de 25 a\u00f1os de prisi\u00f3n contra hombre responsable del delito de violaci\u00f3n"},"content":{"rendered":"<p style=\"font-weight: 400; text-align: justify;\"><strong>Oaxaca de Ju\u00e1rez, Oax., a 11 de julio de 2023.-\u00a0\u00a0<\/strong>Procurar justicia para ni\u00f1as, ni\u00f1os y adolescentes v\u00edctimas de violencia sexual es una prioridad para la Fiscal\u00eda General del Estado de Oaxaca (FGEO), instancia que, luego de realizar labores de investigaci\u00f3n, obtuvo una sentencia superior a los 25 a\u00f1os de prisi\u00f3n en contra de T. M. F., responsable de la comisi\u00f3n del delito de Violaci\u00f3n Equiparada, en agravio de un ni\u00f1o.<\/p>\n<p style=\"font-weight: 400; text-align: justify;\">Como consta en el expediente penal, los hechos ocurrieron el 5 de febrero del a\u00f1o 2020, cuando el agresor llev\u00f3 a la v\u00edctima (un ni\u00f1o de 10 a\u00f1os de edad en ese momento) a una casa ubicada en el municipio de Acatl\u00e1n de P\u00e9rez Figueroa, en la regi\u00f3n de la Cuenca del Papaloapan.<\/p>\n<p style=\"font-weight: 400; text-align: justify;\">En el lugar, T. M. F. viol\u00f3 a la v\u00edctima, por lo cual se inici\u00f3 una carpeta de investigaci\u00f3n y el caso qued\u00f3 a cargo de la Vicefiscal\u00eda Regional de la Cuenca, que ejecut\u00f3 una orden de aprehensi\u00f3n al imputado para presentarlo ante las autoridades correspondientes.<\/p>\n<p style=\"font-weight: 400; text-align: justify;\">Ante el trabajo efectuado por la FGEO, se presentaron pruebas ante el Juez que atiende la causa quien, luego de evaluarlas, dict\u00f3 sentencia condenatoria de 25 a\u00f1os y seis meses de prisi\u00f3n en contra de T. M. F., adem\u00e1s de imponer una multa y el pago por la reparaci\u00f3n del da\u00f1o.<\/p>\n<p style=\"font-weight: 400; text-align: justify;\">La Fiscal\u00eda de Oaxaca brinda acompa\u00f1amiento integral con un equipo multidisciplinario para las v\u00edctimas de alg\u00fan tipo de delito sexual, como parte del proceso de procuraci\u00f3n de justicia a cargo de la instituci\u00f3n.<\/p>\n","protected":false},"author":1,"featured_media":3175,"comment_status":"closed","ping_status":"closed","template":"","tags":[],"categoria_noticias":[],"class_list":["post-15736","noticias","type-noticias","status-publish","has-post-thumbnail","hentry"],"acf":[],"mb":[],"mfb_rest_fields":["title","gutenberg_elementor_mode"],"_links":{"self":[{"href":"https:\/\/portal.fgeo.gob.mx\/index.php\/wp-json\/wp\/v2\/noticias\/15736","targetHints":{"allow":["GET"]}}],"collection":[{"href":"https:\/\/portal.fgeo.gob.mx\/index.php\/wp-json\/wp\/v2\/noticias"}],"about":[{"href":"https:\/\/portal.fgeo.gob.mx\/index.php\/wp-json\/wp\/v2\/types\/noticias"}],"author":[{"embeddable":true,"href":"https:\/\/portal.fgeo.gob.mx\/index.php\/wp-json\/wp\/v2\/users\/1"}],"replies":[{"embeddable":true,"href":"https:\/\/portal.fgeo.gob.mx\/index.php\/wp-json\/wp\/v2\/comments?post=15736"}],"wp:featuredmedia":[{"embeddable":true,"href":"https:\/\/portal.fgeo.gob.mx\/index.php\/wp-json\/"}],"wp:attachment":[{"href":"https:\/\/portal.fgeo.gob.mx\/index.php\/wp-json\/wp\/v2\/media?parent=15736"}],"wp:term":[{"taxonomy":"post_tag","embeddable":true,"href":"https:\/\/portal.fgeo.gob.mx\/index.php\/wp-json\/wp\/v2\/tags?post=15736"},{"taxonomy":"categoria_noticias","embeddable":true,"href":"https:\/\/portal.fgeo.gob.mx\/index.php\/wp-json\/wp\/v2\/categoria_noticias?post=15736"}],"curies":[{"name":"wp","href":"https:\/\/api.w.org\/{rel}","templated":true}]}}