{"id":15735,"date":"2023-07-10T17:10:16","date_gmt":"2023-07-10T23:10:16","guid":{"rendered":"http:\/\/fge.oaxaca.gob.mx\/?post_type=noticias&amp;p=5164"},"modified":"2023-07-10T17:10:16","modified_gmt":"2023-07-10T23:10:16","slug":"refrenta-fiscal-de-oaxaca-bernardo-rodriguez-alamilla-compromiso-de-fortalecer-aei","status":"publish","type":"noticias","link":"https:\/\/portal.fgeo.gob.mx\/index.php\/archivos\/noticias\/refrenta-fiscal-de-oaxaca-bernardo-rodriguez-alamilla-compromiso-de-fortalecer-aei","title":{"rendered":"Refrenta Fiscal de Oaxaca Bernardo Rodr\u00edguez Alamilla, compromiso de fortalecer AEI"},"content":{"rendered":"<p style=\"font-weight: 400; text-align: justify;\"><strong>Oaxaca de Ju\u00e1rez, Oax., a 10 de julio de 2023.-\u00a0<\/strong>Al asistir a la Reuni\u00f3n Plenaria de Comandantes de la Agencia Estatal de Investigaciones (AEI), el Fiscal General del Estado Bernardo Rodr\u00edguez Alamilla reconoci\u00f3 la labor de las y los agentes, adem\u00e1s de reiterar su compromiso de fortalecer la corporaci\u00f3n para as\u00ed mejorar los procesos de procuraci\u00f3n de justicia en beneficio de las y los oaxaque\u00f1os.<\/p>\n<p style=\"font-weight: 400; text-align: justify;\">Acompa\u00f1ado por el Coordinador General de la AEI Jaciel V\u00e1squez Castro; Rodr\u00edguez Alamilla afirm\u00f3 que mantendr\u00e1 un contacto cercano y permanente con las y los elementos, por lo que, reuniones como la Plenaria de Comandantes contribuyen a evaluar los resultados, para tomar decisiones que permitan mejorar el trabajo.<\/p>\n<p style=\"font-weight: 400; text-align: justify;\">Ante comandantes regionales, locales y especializados, insisti\u00f3 en que lo que no se eval\u00faa, dif\u00edcilmente se puede perfeccionar, de ah\u00ed la relevancia de llevar a cabo este tipo de encuentros en los que tambi\u00e9n se fomenta la cercan\u00eda con las y los integrantes de la polic\u00eda investigadora.<\/p>\n<p style=\"font-weight: 400; text-align: justify;\">Por su parte, el coordinador General de la AEI Jaciel V\u00e1squez dijo que la corporaci\u00f3n tiene el compromiso de mejorar los procesos para impulsar la entrega de resultados adecuados, adem\u00e1s que en esta plenaria se re\u00fanen comandantes regionales, as\u00ed como los de diversos grupos especializados, en la que informan sobre los resultados obtenidos a lo largo del mes y as\u00ed verificar el contexto espec\u00edfico de los destacamentos en los distinto puntos de la entidad.<\/p>\n<p style=\"font-weight: 400; text-align: justify;\">La Fiscal\u00eda de Oaxaca contin\u00faa con su proceso de restructuraci\u00f3n institucional, por lo que implementa acciones que favorecen el fortalecimiento de los procesos de investigaci\u00f3n en b\u00fasqueda de la resoluci\u00f3n de casos para procurar justicia a favor de las v\u00edctimas de cualquier delito.<\/p>\n","protected":false},"author":1,"featured_media":3175,"comment_status":"closed","ping_status":"closed","template":"","tags":[],"categoria_noticias":[],"class_list":["post-15735","noticias","type-noticias","status-publish","has-post-thumbnail","hentry"],"acf":[],"mb":[],"mfb_rest_fields":["title","gutenberg_elementor_mode"],"_links":{"self":[{"href":"https:\/\/portal.fgeo.gob.mx\/index.php\/wp-json\/wp\/v2\/noticias\/15735","targetHints":{"allow":["GET"]}}],"collection":[{"href":"https:\/\/portal.fgeo.gob.mx\/index.php\/wp-json\/wp\/v2\/noticias"}],"about":[{"href":"https:\/\/portal.fgeo.gob.mx\/index.php\/wp-json\/wp\/v2\/types\/noticias"}],"author":[{"embeddable":true,"href":"https:\/\/portal.fgeo.gob.mx\/index.php\/wp-json\/wp\/v2\/users\/1"}],"replies":[{"embeddable":true,"href":"https:\/\/portal.fgeo.gob.mx\/index.php\/wp-json\/wp\/v2\/comments?post=15735"}],"wp:featuredmedia":[{"embeddable":true,"href":"https:\/\/portal.fgeo.gob.mx\/index.php\/wp-json\/"}],"wp:attachment":[{"href":"https:\/\/portal.fgeo.gob.mx\/index.php\/wp-json\/wp\/v2\/media?parent=15735"}],"wp:term":[{"taxonomy":"post_tag","embeddable":true,"href":"https:\/\/portal.fgeo.gob.mx\/index.php\/wp-json\/wp\/v2\/tags?post=15735"},{"taxonomy":"categoria_noticias","embeddable":true,"href":"https:\/\/portal.fgeo.gob.mx\/index.php\/wp-json\/wp\/v2\/categoria_noticias?post=15735"}],"curies":[{"name":"wp","href":"https:\/\/api.w.org\/{rel}","templated":true}]}}