{"id":15734,"date":"2023-07-10T14:13:36","date_gmt":"2023-07-10T20:13:36","guid":{"rendered":"http:\/\/fge.oaxaca.gob.mx\/?post_type=noticias&amp;p=5163"},"modified":"2023-07-10T14:13:36","modified_gmt":"2023-07-10T20:13:36","slug":"investiga-fiscalia-de-oaxaca-homicidio-de-director-de-servicios-municipales-de-matias-romero","status":"publish","type":"noticias","link":"https:\/\/portal.fgeo.gob.mx\/index.php\/archivos\/noticias\/investiga-fiscalia-de-oaxaca-homicidio-de-director-de-servicios-municipales-de-matias-romero","title":{"rendered":"Investiga Fiscal\u00eda de Oaxaca homicidio de Director de Servicios Municipales de Mat\u00edas Romero"},"content":{"rendered":"<p style=\"font-weight: 400; text-align: justify;\"><strong>Oaxaca de Ju\u00e1rez, Oax., a 10 de julio de 2023.-\u00a0\u00a0<\/strong>La Fiscal\u00eda General del Estado de Oaxaca (FGEO) inici\u00f3 una carpeta de investigaci\u00f3n por el delito de homicidio calificado con ventaja cometido contra una persona del sexo masculino identificada con las iniciales J.E.A., quien se desempe\u00f1aba como Director de Servicios Municipales de Mat\u00edas Romero Avenda\u00f1o, en la regi\u00f3n del Istmo de Tehuantepec.<\/p>\n<p style=\"font-weight: 400; text-align: justify;\">De acuerdo con las primeras investigaciones, la v\u00edctima se encontraba en su oficina cuando fue agredida con disparos de armas de fuego, ocasion\u00e1ndole lesiones que le privaron de la vida.<\/p>\n<p style=\"font-weight: 400; text-align: justify;\">Luego de tener conocimiento de los hechos, un equipo multidisciplinario de Alto Impacto de la Vicefiscal\u00eda Regional del Istmo se traslad\u00f3 al lugar para llevar a cabo las diligencias correspondientes e iniciar con los trabajos que permitan establecer s\u00f3lidas l\u00edneas de investigaci\u00f3n que permitan dar con quien o quienes resulten responsables de la comisi\u00f3n de este delito.<\/p>\n<p style=\"font-weight: 400; text-align: justify;\">La Fiscal\u00eda de Oaxaca reitera el compromiso de procurar justicia para las v\u00edctimas directas e indirectas de delitos de alto impacto, para promover el acceso a la justicia, adem\u00e1s de garantizar la paz social en las diferentes regiones de la entidad.<\/p>\n","protected":false},"author":1,"featured_media":3175,"comment_status":"closed","ping_status":"closed","template":"","tags":[],"categoria_noticias":[],"class_list":["post-15734","noticias","type-noticias","status-publish","has-post-thumbnail","hentry"],"acf":[],"mb":[],"mfb_rest_fields":["title","gutenberg_elementor_mode"],"_links":{"self":[{"href":"https:\/\/portal.fgeo.gob.mx\/index.php\/wp-json\/wp\/v2\/noticias\/15734","targetHints":{"allow":["GET"]}}],"collection":[{"href":"https:\/\/portal.fgeo.gob.mx\/index.php\/wp-json\/wp\/v2\/noticias"}],"about":[{"href":"https:\/\/portal.fgeo.gob.mx\/index.php\/wp-json\/wp\/v2\/types\/noticias"}],"author":[{"embeddable":true,"href":"https:\/\/portal.fgeo.gob.mx\/index.php\/wp-json\/wp\/v2\/users\/1"}],"replies":[{"embeddable":true,"href":"https:\/\/portal.fgeo.gob.mx\/index.php\/wp-json\/wp\/v2\/comments?post=15734"}],"wp:featuredmedia":[{"embeddable":true,"href":"https:\/\/portal.fgeo.gob.mx\/index.php\/wp-json\/"}],"wp:attachment":[{"href":"https:\/\/portal.fgeo.gob.mx\/index.php\/wp-json\/wp\/v2\/media?parent=15734"}],"wp:term":[{"taxonomy":"post_tag","embeddable":true,"href":"https:\/\/portal.fgeo.gob.mx\/index.php\/wp-json\/wp\/v2\/tags?post=15734"},{"taxonomy":"categoria_noticias","embeddable":true,"href":"https:\/\/portal.fgeo.gob.mx\/index.php\/wp-json\/wp\/v2\/categoria_noticias?post=15734"}],"curies":[{"name":"wp","href":"https:\/\/api.w.org\/{rel}","templated":true}]}}