{"id":15733,"date":"2023-07-09T15:15:46","date_gmt":"2023-07-09T21:15:46","guid":{"rendered":"http:\/\/fge.oaxaca.gob.mx\/?post_type=noticias&amp;p=5162"},"modified":"2023-07-09T15:15:46","modified_gmt":"2023-07-09T21:15:46","slug":"fiscalia-de-oaxaca-ejecuta-orden-de-aprehension-por-delito-de-violacion-contra-una-adolescente-cometido-en-la-mixteca","status":"publish","type":"noticias","link":"https:\/\/portal.fgeo.gob.mx\/index.php\/archivos\/noticias\/fiscalia-de-oaxaca-ejecuta-orden-de-aprehension-por-delito-de-violacion-contra-una-adolescente-cometido-en-la-mixteca","title":{"rendered":"Fiscal\u00eda de Oaxaca ejecuta orden de aprehensi\u00f3n por delito de violaci\u00f3n contra una adolescente, cometido en la Mixteca"},"content":{"rendered":"<p style=\"font-weight: 400; text-align: justify;\"><strong>Oaxaca de Ju\u00e1rez, Oax., a 9 de julio de 2023.-\u00a0\u00a0<\/strong>En prisi\u00f3n preventiva qued\u00f3 R. A. M. R., luego de ser detenido al ejecutarse una orden de aprehensi\u00f3n como resultado de las investigaciones encabezadas por la Fiscal\u00eda General del Estado de Oaxaca (FGEO) por la comisi\u00f3n de los delitos de Equiparado a la Violaci\u00f3n y Corrupci\u00f3n de Menores, cometidos en la regi\u00f3n la Mixteca.<\/p>\n<p style=\"font-weight: 400; text-align: justify;\">De acuerdo con el expediente penal del caso, los hechos sucedieron en varias ocasiones entre marzo de 2020 y julio de 2021, cuando la v\u00edctima (una adolescente) sufri\u00f3 las agresiones sexuales en diferentes lugares del municipio de San Miguel Tecomatl\u00e1n, perteneciente al distrito de Nochixtl\u00e1n.<\/p>\n<p style=\"font-weight: 400; text-align: justify;\">Adem\u00e1s, en ese mismo periodo, el agresor pidi\u00f3 a la v\u00edctima que le enviara fotograf\u00edas \u00edntimas de ella a trav\u00e9s de dispositivos digitales, lo cual constituye el delito de corrupci\u00f3n de menores.<\/p>\n<p style=\"font-weight: 400; text-align: justify;\">Tras recibir la denuncia por los hechos, la Fiscal\u00eda inici\u00f3 una carpeta de investigaci\u00f3n a trav\u00e9s de la Vicefiscal\u00eda Regional de la Mixteca, que obtuvo los elementos suficientes para obtener una orden de aprehensi\u00f3n que permiti\u00f3 la detenci\u00f3n de R. A. M. R., que qued\u00f3 a disposici\u00f3n del el Juez quien calific\u00f3 como legal la detenci\u00f3n e impuso prisi\u00f3n preventiva y se solicit\u00f3 la vinculaci\u00f3n a proceso.<\/p>\n<p style=\"font-weight: 400; text-align: justify;\">En delitos sexuales cometidos contra mujeres, la Fiscal\u00eda de Oaxaca realiza investigaciones con perspectiva de g\u00e9nero, adem\u00e1s que prioriza las labores al tratarse de menores de edad para que las v\u00edctimas tengan pleno acceso a la justicia.<\/p>\n","protected":false},"author":1,"featured_media":3175,"comment_status":"closed","ping_status":"closed","template":"","tags":[],"categoria_noticias":[],"class_list":["post-15733","noticias","type-noticias","status-publish","has-post-thumbnail","hentry"],"acf":[],"mb":[],"mfb_rest_fields":["title","gutenberg_elementor_mode"],"_links":{"self":[{"href":"https:\/\/portal.fgeo.gob.mx\/index.php\/wp-json\/wp\/v2\/noticias\/15733","targetHints":{"allow":["GET"]}}],"collection":[{"href":"https:\/\/portal.fgeo.gob.mx\/index.php\/wp-json\/wp\/v2\/noticias"}],"about":[{"href":"https:\/\/portal.fgeo.gob.mx\/index.php\/wp-json\/wp\/v2\/types\/noticias"}],"author":[{"embeddable":true,"href":"https:\/\/portal.fgeo.gob.mx\/index.php\/wp-json\/wp\/v2\/users\/1"}],"replies":[{"embeddable":true,"href":"https:\/\/portal.fgeo.gob.mx\/index.php\/wp-json\/wp\/v2\/comments?post=15733"}],"wp:featuredmedia":[{"embeddable":true,"href":"https:\/\/portal.fgeo.gob.mx\/index.php\/wp-json\/"}],"wp:attachment":[{"href":"https:\/\/portal.fgeo.gob.mx\/index.php\/wp-json\/wp\/v2\/media?parent=15733"}],"wp:term":[{"taxonomy":"post_tag","embeddable":true,"href":"https:\/\/portal.fgeo.gob.mx\/index.php\/wp-json\/wp\/v2\/tags?post=15733"},{"taxonomy":"categoria_noticias","embeddable":true,"href":"https:\/\/portal.fgeo.gob.mx\/index.php\/wp-json\/wp\/v2\/categoria_noticias?post=15733"}],"curies":[{"name":"wp","href":"https:\/\/api.w.org\/{rel}","templated":true}]}}