{"id":15730,"date":"2023-07-08T17:04:10","date_gmt":"2023-07-08T23:04:10","guid":{"rendered":"http:\/\/fge.oaxaca.gob.mx\/?post_type=noticias&amp;p=5151"},"modified":"2023-07-08T17:04:10","modified_gmt":"2023-07-08T23:04:10","slug":"fiscalia-de-oaxaca-ejecuta-orden-de-aprehension-contra-el-tomy-por-delito-de-homicidio-ocurrido-en-la-mixteca","status":"publish","type":"noticias","link":"https:\/\/portal.fgeo.gob.mx\/index.php\/archivos\/noticias\/fiscalia-de-oaxaca-ejecuta-orden-de-aprehension-contra-el-tomy-por-delito-de-homicidio-ocurrido-en-la-mixteca","title":{"rendered":"Fiscal\u00eda de Oaxaca ejecuta orden de aprehensi\u00f3n contra \u201cEl Tomy\u201d, por delito de homicidio ocurrido en la Mixteca"},"content":{"rendered":"<p style=\"font-weight: 400; text-align: justify;\"><strong>Oaxaca de Ju\u00e1rez, Oax., a 08 de julio de 2023.-\u00a0\u00a0<\/strong>La Fiscal\u00eda General del Estado de Oaxaca (FGEO) ejecut\u00f3 una orden de aprehensi\u00f3n contra una persona identificada como T. M. S. S., alias &#8220;El Tomy&#8221;, por el delito de Homicidio Calificado en hechos ocurridos en la regi\u00f3n Mixteca.<\/p>\n<p style=\"font-weight: 400; text-align: justify;\">De acuerdo con el expediente penal, el 16 de septiembre de 2020, en la poblaci\u00f3n de Santa Cruz de Bravo, perteneciente al municipio de San Pedro Silacayo\u00e1pam, la v\u00edctima J. O. C. M., fue atacada a balazos, sufriendo lesiones que le provocaron la muerte.<\/p>\n<p style=\"font-weight: 400; text-align: justify;\">Al tomar conocimiento del caso, la FGEO inici\u00f3 una investigaci\u00f3n a trav\u00e9s de la Vicefiscal\u00eda Regional de la Mixteca, la cual obtuvo una orden de aprehensi\u00f3n que se ejecut\u00f3 en contra de T. M. S. S., alias &#8220;El Tomy&#8221;.<\/p>\n<p style=\"font-weight: 400; text-align: justify;\">El imputado fue puesto a disposici\u00f3n del Juez de Control que atiende la causa, quien calific\u00f3 como legal la detenci\u00f3n e impuso prisi\u00f3n preventiva.<\/p>\n<p style=\"font-weight: 400; text-align: justify;\">La Fiscal\u00eda General del Estado de Oaxaca refleja en los resultados el trabajo de procuraci\u00f3n de justicia a favor de las v\u00edctimas.<\/p>\n","protected":false},"author":1,"featured_media":3175,"comment_status":"closed","ping_status":"closed","template":"","tags":[],"categoria_noticias":[],"class_list":["post-15730","noticias","type-noticias","status-publish","has-post-thumbnail","hentry"],"acf":[],"mb":[],"mfb_rest_fields":["title","gutenberg_elementor_mode"],"_links":{"self":[{"href":"https:\/\/portal.fgeo.gob.mx\/index.php\/wp-json\/wp\/v2\/noticias\/15730","targetHints":{"allow":["GET"]}}],"collection":[{"href":"https:\/\/portal.fgeo.gob.mx\/index.php\/wp-json\/wp\/v2\/noticias"}],"about":[{"href":"https:\/\/portal.fgeo.gob.mx\/index.php\/wp-json\/wp\/v2\/types\/noticias"}],"author":[{"embeddable":true,"href":"https:\/\/portal.fgeo.gob.mx\/index.php\/wp-json\/wp\/v2\/users\/1"}],"replies":[{"embeddable":true,"href":"https:\/\/portal.fgeo.gob.mx\/index.php\/wp-json\/wp\/v2\/comments?post=15730"}],"wp:featuredmedia":[{"embeddable":true,"href":"https:\/\/portal.fgeo.gob.mx\/index.php\/wp-json\/"}],"wp:attachment":[{"href":"https:\/\/portal.fgeo.gob.mx\/index.php\/wp-json\/wp\/v2\/media?parent=15730"}],"wp:term":[{"taxonomy":"post_tag","embeddable":true,"href":"https:\/\/portal.fgeo.gob.mx\/index.php\/wp-json\/wp\/v2\/tags?post=15730"},{"taxonomy":"categoria_noticias","embeddable":true,"href":"https:\/\/portal.fgeo.gob.mx\/index.php\/wp-json\/wp\/v2\/categoria_noticias?post=15730"}],"curies":[{"name":"wp","href":"https:\/\/api.w.org\/{rel}","templated":true}]}}