{"id":15729,"date":"2023-07-07T17:54:00","date_gmt":"2023-07-07T23:54:00","guid":{"rendered":"http:\/\/fge.oaxaca.gob.mx\/?post_type=noticias&amp;p=5150"},"modified":"2023-07-07T17:54:00","modified_gmt":"2023-07-07T23:54:00","slug":"a-disposicion-de-la-fiscalia-de-oaxaca-cinco-personas-luego-de-agresion-armada-contra-elementos-de-la-policia-estatal","status":"publish","type":"noticias","link":"https:\/\/portal.fgeo.gob.mx\/index.php\/archivos\/noticias\/a-disposicion-de-la-fiscalia-de-oaxaca-cinco-personas-luego-de-agresion-armada-contra-elementos-de-la-policia-estatal","title":{"rendered":"A disposici\u00f3n de la Fiscal\u00eda de Oaxaca cinco personas, luego de agresi\u00f3n armada contra elementos de la Polic\u00eda Estatal"},"content":{"rendered":"<p style=\"font-weight: 400; text-align: justify;\"><strong>Oaxaca de Ju\u00e1rez, Oax., a 07 de julio de 2023.-\u00a0<\/strong>La Fiscal\u00eda General del Estado de Oaxaca (FGEO) inici\u00f3 una carpeta de investigaci\u00f3n, luego de un ataque cometido en contra de dos elementos de la Polic\u00eda Estatal, hecho por el cual hay cinco personas detenidas, quienes fueron puestas a disposici\u00f3n del Ministerio P\u00fablico.<\/p>\n<p style=\"font-weight: 400; text-align: justify;\">Los sucesos ocurrieron este viernes en la zona Metropolitana de la Ciudad de Oaxaca, mientras elementos de la Polic\u00eda Estatal perteneciente a la Secretar\u00eda de Seguridad y Protecci\u00f3n Ciudadana (SSPC) realizaban recorridos de vigilancia, cuando fueron v\u00edctimas de una agresi\u00f3n a balazos.<\/p>\n<p style=\"font-weight: 400; text-align: justify;\">Ante la situaci\u00f3n, los polic\u00edas alertaron a sus compa\u00f1eros, lo que deriv\u00f3 en una persecuci\u00f3n y posteriormente llevaron a cabo detenciones en un domicilio particular en la calle Venustiano Carranza de la Colonia Miguel Hidalgo, en la agencia municipal de San Mart\u00edn Mexicapan.<\/p>\n<p style=\"font-weight: 400; text-align: justify;\">En el lugar detuvieron a cinco personas, entre ellas, dos mujeres identificadas por las iniciales G. M. O. R. y V. A. P. B., as\u00ed como tres hombres: A. E. B. H., D. P. B. y J. M. B. J.; adem\u00e1s que aseguraron un autom\u00f3vil, dos motocicletas, y armas de fuego de diferentes calibres.<\/p>\n<p style=\"font-weight: 400; text-align: justify;\">Las personas detenidas quedaron a disposici\u00f3n del agente del Ministerio P\u00fablico adscrito a la Fiscal\u00eda Especializada para la Atenci\u00f3n a Delitos de Alto Impacto, misma que inici\u00f3 una investigaci\u00f3n y presentar\u00e1 ante el Juez para que determine su situaci\u00f3n jur\u00eddica.<\/p>\n<p style=\"font-weight: 400; text-align: justify;\">La Fiscal\u00eda de Oaxaca realiza investigaciones con estricto apego a los protocolos que establece la ley, para que los trabajos permitan que las v\u00edctimas tengan pleno acceso a la justicia y la reparaci\u00f3n del da\u00f1o.<\/p>\n","protected":false},"author":1,"featured_media":3175,"comment_status":"closed","ping_status":"closed","template":"","tags":[],"categoria_noticias":[],"class_list":["post-15729","noticias","type-noticias","status-publish","has-post-thumbnail","hentry"],"acf":[],"mb":[],"mfb_rest_fields":["title","gutenberg_elementor_mode"],"_links":{"self":[{"href":"https:\/\/portal.fgeo.gob.mx\/index.php\/wp-json\/wp\/v2\/noticias\/15729","targetHints":{"allow":["GET"]}}],"collection":[{"href":"https:\/\/portal.fgeo.gob.mx\/index.php\/wp-json\/wp\/v2\/noticias"}],"about":[{"href":"https:\/\/portal.fgeo.gob.mx\/index.php\/wp-json\/wp\/v2\/types\/noticias"}],"author":[{"embeddable":true,"href":"https:\/\/portal.fgeo.gob.mx\/index.php\/wp-json\/wp\/v2\/users\/1"}],"replies":[{"embeddable":true,"href":"https:\/\/portal.fgeo.gob.mx\/index.php\/wp-json\/wp\/v2\/comments?post=15729"}],"wp:featuredmedia":[{"embeddable":true,"href":"https:\/\/portal.fgeo.gob.mx\/index.php\/wp-json\/"}],"wp:attachment":[{"href":"https:\/\/portal.fgeo.gob.mx\/index.php\/wp-json\/wp\/v2\/media?parent=15729"}],"wp:term":[{"taxonomy":"post_tag","embeddable":true,"href":"https:\/\/portal.fgeo.gob.mx\/index.php\/wp-json\/wp\/v2\/tags?post=15729"},{"taxonomy":"categoria_noticias","embeddable":true,"href":"https:\/\/portal.fgeo.gob.mx\/index.php\/wp-json\/wp\/v2\/categoria_noticias?post=15729"}],"curies":[{"name":"wp","href":"https:\/\/api.w.org\/{rel}","templated":true}]}}