{"id":15728,"date":"2023-07-07T16:32:11","date_gmt":"2023-07-07T22:32:11","guid":{"rendered":"http:\/\/fge.oaxaca.gob.mx\/?post_type=noticias&amp;p=5149"},"modified":"2023-07-07T16:32:11","modified_gmt":"2023-07-07T22:32:11","slug":"en-operativos-efectuados-en-valles-y-cuenca-recupera-fgeo-vehiculos-con-reporte-de-robo","status":"publish","type":"noticias","link":"https:\/\/portal.fgeo.gob.mx\/index.php\/archivos\/noticias\/en-operativos-efectuados-en-valles-y-cuenca-recupera-fgeo-vehiculos-con-reporte-de-robo","title":{"rendered":"En operativos efectuados en Valles y Cuenca, recupera FGEO veh\u00edculos con reporte de robo"},"content":{"rendered":"<p style=\"font-weight: 400; text-align: justify;\"><strong>Oaxaca de Ju\u00e1rez, Oax., a 7 de julio de 2023.-\u00a0<\/strong>En el marco de operativos efectuados por la Agencia Estatal de Investigaciones (AEI) en las regiones de Valles Centrales y Cuenca, la Fiscal\u00eda General del Estado de Oaxaca (FGEO) recuper\u00f3 veh\u00edculos de motor con reporte de robo.<\/p>\n<p style=\"font-weight: 400; text-align: justify;\">Durante un cateo efectuado a un taller mec\u00e1nico ubicado en San Juan Bautista Valle Nacional, se logr\u00f3 el aseguramiento de motocicletas de marcas como Vento, Bajaj e Italika, que est\u00e1n dentro de carpetas de investigaci\u00f3n derivadas de denuncias interpuestas por robo.<\/p>\n<p style=\"font-weight: 400; text-align: justify;\">As\u00ed tambi\u00e9n, la Unidad de Investigaci\u00f3n de Robo de Veh\u00edculos de Valles Centrales realiz\u00f3 el aseguramiento de veh\u00edculos de motor marca Chevrolet, en inmediaciones de la colonia la Rep\u00fablica, perteneciente a San Jacinto Amilpas.<\/p>\n<p style=\"font-weight: 400; text-align: justify;\">Los autom\u00f3viles fueron trasladados a un encierro para que se contin\u00faen con las investigaciones correspondientes.<\/p>\n<p style=\"font-weight: 400; text-align: justify;\">Adem\u00e1s, elementos esa misma unidad recuperaron una excavadora de color naranja, cuando se encontraba estacionada en San Sebasti\u00e1n Tutla, en la regi\u00f3n de Valles, motivo por el cual fue asegurada, quedando a disposici\u00f3n de la autoridad.<\/p>\n<p style=\"font-weight: 400; text-align: justify;\">La Fiscal\u00eda General del Estado de Oaxaca refrenda el compromiso de efectuar operativos permanentes que permitan la recuperaci\u00f3n de bienes para v\u00edctimas del delito de robo de veh\u00edculos.<\/p>\n","protected":false},"author":1,"featured_media":3175,"comment_status":"closed","ping_status":"closed","template":"","tags":[],"categoria_noticias":[],"class_list":["post-15728","noticias","type-noticias","status-publish","has-post-thumbnail","hentry"],"acf":[],"mb":[],"mfb_rest_fields":["title","gutenberg_elementor_mode"],"_links":{"self":[{"href":"https:\/\/portal.fgeo.gob.mx\/index.php\/wp-json\/wp\/v2\/noticias\/15728","targetHints":{"allow":["GET"]}}],"collection":[{"href":"https:\/\/portal.fgeo.gob.mx\/index.php\/wp-json\/wp\/v2\/noticias"}],"about":[{"href":"https:\/\/portal.fgeo.gob.mx\/index.php\/wp-json\/wp\/v2\/types\/noticias"}],"author":[{"embeddable":true,"href":"https:\/\/portal.fgeo.gob.mx\/index.php\/wp-json\/wp\/v2\/users\/1"}],"replies":[{"embeddable":true,"href":"https:\/\/portal.fgeo.gob.mx\/index.php\/wp-json\/wp\/v2\/comments?post=15728"}],"wp:featuredmedia":[{"embeddable":true,"href":"https:\/\/portal.fgeo.gob.mx\/index.php\/wp-json\/"}],"wp:attachment":[{"href":"https:\/\/portal.fgeo.gob.mx\/index.php\/wp-json\/wp\/v2\/media?parent=15728"}],"wp:term":[{"taxonomy":"post_tag","embeddable":true,"href":"https:\/\/portal.fgeo.gob.mx\/index.php\/wp-json\/wp\/v2\/tags?post=15728"},{"taxonomy":"categoria_noticias","embeddable":true,"href":"https:\/\/portal.fgeo.gob.mx\/index.php\/wp-json\/wp\/v2\/categoria_noticias?post=15728"}],"curies":[{"name":"wp","href":"https:\/\/api.w.org\/{rel}","templated":true}]}}