{"id":15727,"date":"2023-07-07T14:32:00","date_gmt":"2023-07-07T20:32:00","guid":{"rendered":"http:\/\/fge.oaxaca.gob.mx\/?post_type=noticias&amp;p=5148"},"modified":"2023-07-07T14:32:00","modified_gmt":"2023-07-07T20:32:00","slug":"ejecuta-fiscalia-de-oaxaca-orden-de-aprehension-por-desaparicion-de-persona-cometida-en-mixtequilla","status":"publish","type":"noticias","link":"https:\/\/portal.fgeo.gob.mx\/index.php\/archivos\/noticias\/ejecuta-fiscalia-de-oaxaca-orden-de-aprehension-por-desaparicion-de-persona-cometida-en-mixtequilla","title":{"rendered":"Ejecuta Fiscal\u00eda de Oaxaca orden de aprehensi\u00f3n por desaparici\u00f3n de persona cometida en Mixtequilla"},"content":{"rendered":"<p style=\"font-weight: 400; text-align: justify;\"><strong>Oaxaca de Ju\u00e1rez, Oax., a 07 de julio de 2023.-\u00a0<\/strong>La Fiscal\u00eda General del Estado de Oaxaca (FGEO) ejecut\u00f3 una orden de aprehensi\u00f3n contra un hombre identificado como J.L.Z., por el delito de Desaparici\u00f3n de Persona cometido contra N.L.G., integrante del Movimiento \u201cResistencia Civil Pac\u00edfica\u201d de Santa Mar\u00eda Mixtequilla.<\/p>\n<p style=\"font-weight: 400; text-align: justify;\">De acuerdo con el expediente, el pasado 3 de julio de 2023, familiares de la v\u00edctima acudieron a la Vicefiscal\u00eda Regional del Istmo para denunciar la desaparici\u00f3n de N.L.G., acontecida en Santa Mar\u00eda Mixtequilla.<\/p>\n<p style=\"font-weight: 400; text-align: justify;\">Ante ello, elementos de la Agencia Estatales de Investigaci\u00f3n (AEI), Guardia Nacional (GN), Polic\u00eda Estatal y Municipal llevaron a cabo un despliegue de b\u00fasqueda ese mismo d\u00eda en la localidad mencionada.<\/p>\n<p style=\"font-weight: 400; text-align: justify;\">El 4 de julio por la ma\u00f1ana, fue localizado el cuerpo sin vida de la v\u00edctima, por lo que se iniciaron las investigaciones correspondientes, que permitieron que la FGEO obtuviera del Juez la orden de aprehensi\u00f3n contra J.L.Z.<\/p>\n<p style=\"font-weight: 400; text-align: justify;\">Por tanto, elementos de la AEI llevaron a cabo la detenci\u00f3n del imputado este jueves 6 de julio por la tarde, quien fue puesto a disposici\u00f3n para que se resuelva su situaci\u00f3n jur\u00eddica.<\/p>\n<p style=\"font-weight: 400; text-align: justify;\">La Fiscal\u00eda General del Estado de Oaxaca lleva a cabo acciones de investigaci\u00f3n para procurar justicia a v\u00edctimas directas e indirectas de hechos delictivos, con el fin de promover acciones de reparaci\u00f3n y no repetici\u00f3n.<\/p>\n","protected":false},"author":1,"featured_media":3175,"comment_status":"closed","ping_status":"closed","template":"","tags":[],"categoria_noticias":[],"class_list":["post-15727","noticias","type-noticias","status-publish","has-post-thumbnail","hentry"],"acf":[],"mb":[],"mfb_rest_fields":["title","gutenberg_elementor_mode"],"_links":{"self":[{"href":"https:\/\/portal.fgeo.gob.mx\/index.php\/wp-json\/wp\/v2\/noticias\/15727","targetHints":{"allow":["GET"]}}],"collection":[{"href":"https:\/\/portal.fgeo.gob.mx\/index.php\/wp-json\/wp\/v2\/noticias"}],"about":[{"href":"https:\/\/portal.fgeo.gob.mx\/index.php\/wp-json\/wp\/v2\/types\/noticias"}],"author":[{"embeddable":true,"href":"https:\/\/portal.fgeo.gob.mx\/index.php\/wp-json\/wp\/v2\/users\/1"}],"replies":[{"embeddable":true,"href":"https:\/\/portal.fgeo.gob.mx\/index.php\/wp-json\/wp\/v2\/comments?post=15727"}],"wp:featuredmedia":[{"embeddable":true,"href":"https:\/\/portal.fgeo.gob.mx\/index.php\/wp-json\/"}],"wp:attachment":[{"href":"https:\/\/portal.fgeo.gob.mx\/index.php\/wp-json\/wp\/v2\/media?parent=15727"}],"wp:term":[{"taxonomy":"post_tag","embeddable":true,"href":"https:\/\/portal.fgeo.gob.mx\/index.php\/wp-json\/wp\/v2\/tags?post=15727"},{"taxonomy":"categoria_noticias","embeddable":true,"href":"https:\/\/portal.fgeo.gob.mx\/index.php\/wp-json\/wp\/v2\/categoria_noticias?post=15727"}],"curies":[{"name":"wp","href":"https:\/\/api.w.org\/{rel}","templated":true}]}}