{"id":15725,"date":"2023-07-06T13:45:46","date_gmt":"2023-07-06T19:45:46","guid":{"rendered":"http:\/\/fge.oaxaca.gob.mx\/?post_type=noticias&amp;p=5145"},"modified":"2023-07-06T13:45:46","modified_gmt":"2023-07-06T19:45:46","slug":"por-tentativa-de-homicidio-en-la-costa-imputado-queda-vinculado-a-proceso-y-en-prision-preventiva-fiscalia-de-oaxaca","status":"publish","type":"noticias","link":"https:\/\/portal.fgeo.gob.mx\/index.php\/archivos\/noticias\/por-tentativa-de-homicidio-en-la-costa-imputado-queda-vinculado-a-proceso-y-en-prision-preventiva-fiscalia-de-oaxaca","title":{"rendered":"Por tentativa de homicidio en la Costa, imputado queda vinculado a proceso y en prisi\u00f3n preventiva, Fiscal\u00eda de Oaxaca"},"content":{"rendered":"<p style=\"font-weight: 400; text-align: justify;\"><strong>Oaxaca de Ju\u00e1rez, Oax., a 06 de julio de 2023.-\u00a0<\/strong>Como resultado de las investigaciones realizadas por la Fiscal\u00eda General del Estado de Oaxaca (FGEO), se obtuvo auto de vinculaci\u00f3n a proceso contra D. E. P., por el delito de Homicidio Calificado en grado de Tentativa, cometido en la regi\u00f3n de la Costa.<\/p>\n<p style=\"font-weight: 400; text-align: justify;\">Los hechos ocurrieron el 30 de junio del a\u00f1o en curso, en calles de la poblaci\u00f3n de Santa Rosa de Lima, perteneciente al municipio de Villa de Tututepec de Melchor Ocampo, donde la v\u00edctima, un hombre identificado como J. A. G. S., sufri\u00f3 un ataque armado cuando se encontraba dentro de su veh\u00edculo.<\/p>\n<p style=\"font-weight: 400; text-align: justify;\">A consecuencia de la agresi\u00f3n, la v\u00edctima present\u00f3 graves lesiones, principalmente en el rostro, por las cuales qued\u00f3 internada en un hospital donde recibe atenci\u00f3n m\u00e9dica.<\/p>\n<p style=\"font-weight: 400; text-align: justify;\">La FGEO tom\u00f3 conocimiento de los hechos, a trav\u00e9s de la Vicefiscal\u00eda Regional de la Costa, que despleg\u00f3 a un equipo multidisciplinario encabezado por personal de Alto Impacto, quienes recabaron los indicios hallados en la escena del crimen.<\/p>\n<p style=\"font-weight: 400; text-align: justify;\">Como resultado de las investigaciones iniciales, se obtuvo una orden de aprehensi\u00f3n que fue ejecutada por la Agencia Estatal de Investigaciones y el imputado fue presentado ante el Juez que atiende la causa, quien luego de evaluar las pruebas dict\u00f3 auto de vinculaci\u00f3n a proceso en contra de D. E. P. por el delito de Homicidio Calificado en grado de Tentativa, a quien impuso prisi\u00f3n preventiva y otorg\u00f3 dos meses para el cierre de la investigaci\u00f3n.<\/p>\n<p style=\"font-weight: 400; text-align: justify;\">La Fiscal\u00eda de Oaxaca realiza investigaciones realizadas por equipos con personal especializado jur\u00eddica y cient\u00edficamente para dar certeza a las pruebas que se presentan con el objetivo de dar con el paradero de quien resulte responsable en la comisi\u00f3n de delitos de alto impacto.<\/p>\n","protected":false},"author":1,"featured_media":3175,"comment_status":"closed","ping_status":"closed","template":"","tags":[],"categoria_noticias":[],"class_list":["post-15725","noticias","type-noticias","status-publish","has-post-thumbnail","hentry"],"acf":[],"mb":[],"mfb_rest_fields":["title","gutenberg_elementor_mode"],"_links":{"self":[{"href":"https:\/\/portal.fgeo.gob.mx\/index.php\/wp-json\/wp\/v2\/noticias\/15725","targetHints":{"allow":["GET"]}}],"collection":[{"href":"https:\/\/portal.fgeo.gob.mx\/index.php\/wp-json\/wp\/v2\/noticias"}],"about":[{"href":"https:\/\/portal.fgeo.gob.mx\/index.php\/wp-json\/wp\/v2\/types\/noticias"}],"author":[{"embeddable":true,"href":"https:\/\/portal.fgeo.gob.mx\/index.php\/wp-json\/wp\/v2\/users\/1"}],"replies":[{"embeddable":true,"href":"https:\/\/portal.fgeo.gob.mx\/index.php\/wp-json\/wp\/v2\/comments?post=15725"}],"wp:featuredmedia":[{"embeddable":true,"href":"https:\/\/portal.fgeo.gob.mx\/index.php\/wp-json\/"}],"wp:attachment":[{"href":"https:\/\/portal.fgeo.gob.mx\/index.php\/wp-json\/wp\/v2\/media?parent=15725"}],"wp:term":[{"taxonomy":"post_tag","embeddable":true,"href":"https:\/\/portal.fgeo.gob.mx\/index.php\/wp-json\/wp\/v2\/tags?post=15725"},{"taxonomy":"categoria_noticias","embeddable":true,"href":"https:\/\/portal.fgeo.gob.mx\/index.php\/wp-json\/wp\/v2\/categoria_noticias?post=15725"}],"curies":[{"name":"wp","href":"https:\/\/api.w.org\/{rel}","templated":true}]}}