{"id":15724,"date":"2023-07-05T15:48:02","date_gmt":"2023-07-05T21:48:02","guid":{"rendered":"http:\/\/fge.oaxaca.gob.mx\/?post_type=noticias&amp;p=5144"},"modified":"2023-07-05T15:48:02","modified_gmt":"2023-07-05T21:48:02","slug":"fiscalia-de-oaxaca-realiza-trabajos-periciales-e-investigacion-por-accidente-carretero-ocurrido-en-la-mixteca","status":"publish","type":"noticias","link":"https:\/\/portal.fgeo.gob.mx\/index.php\/archivos\/noticias\/fiscalia-de-oaxaca-realiza-trabajos-periciales-e-investigacion-por-accidente-carretero-ocurrido-en-la-mixteca","title":{"rendered":"Fiscal\u00eda de Oaxaca realiza trabajos periciales e investigaci\u00f3n por accidente carretero ocurrido en la Mixteca"},"content":{"rendered":"<p style=\"font-weight: 400; text-align: justify;\"><strong>*De manera preliminar, se confirman 27 personas fallecidas<\/strong><\/p>\n<p style=\"font-weight: 400; text-align: justify;\"><strong>\u00a0<\/strong><\/p>\n<p style=\"font-weight: 400; text-align: justify;\"><strong>\u00a0<\/strong><\/p>\n<p style=\"font-weight: 400; text-align: justify;\"><strong>Oaxaca de Ju\u00e1rez, Oax., a 05 de julio de 2023.- \u00a0<\/strong>La Fiscal\u00eda General del Estado de Oaxaca (FGEO) inici\u00f3 la carpeta de investigaci\u00f3n 23481\/FMIX\/TLAXIACO\/2023 por los delitos de Homicidio Culposo y Lesiones Culposas, luego de un accidente carretero ocurrido este mi\u00e9rcoles en una carretera de la Mixteca.<\/p>\n<p style=\"font-weight: 400; text-align: justify;\">Como saldo preliminar del percance, la Fiscal\u00eda de Oaxaca confirma el fallecimiento de 27 personas (13 mujeres, 13 hombres y un ni\u00f1o), adem\u00e1s de 17 lesionados que fueron trasladados a hospitales de la regi\u00f3n para su atenci\u00f3n m\u00e9dica.<\/p>\n<p style=\"font-weight: 400; text-align: justify;\">El percance sucedi\u00f3 en la carretera que pasa por el municipio de Magdalena Pe\u00f1asco, cuando un autob\u00fas de pasajeros de la empresa Transportes Yosond\u00faa, aparentemente tuvo una falla mec\u00e1nica que provoc\u00f3 el accidente.<\/p>\n<p style=\"font-weight: 400; text-align: justify;\">A partir de las labores iniciales realizadas en el lugar de los hechos y de diversas entrevistas alrededor del caso, la FGEO estableci\u00f3 que el autob\u00fas sali\u00f3 de la Ciudad de M\u00e9xico la noche del martes 4 de julio de 2023 y ten\u00eda como destino el municipio de Santiago Yosond\u00faa.<\/p>\n<p style=\"font-weight: 400; text-align: justify;\">La Fiscal\u00eda de Oaxaca est\u00e1 en proceso de obtener resultados de los estudios periciales en torno al accidente, para tener certeza cient\u00edfica de c\u00f3mo sucedieron los hechos y fincar responsabilidades en contra de quien o quienes resulten responsables.<\/p>\n","protected":false},"author":1,"featured_media":3175,"comment_status":"closed","ping_status":"closed","template":"","tags":[],"categoria_noticias":[],"class_list":["post-15724","noticias","type-noticias","status-publish","has-post-thumbnail","hentry"],"acf":[],"mb":[],"mfb_rest_fields":["title","gutenberg_elementor_mode"],"_links":{"self":[{"href":"https:\/\/portal.fgeo.gob.mx\/index.php\/wp-json\/wp\/v2\/noticias\/15724","targetHints":{"allow":["GET"]}}],"collection":[{"href":"https:\/\/portal.fgeo.gob.mx\/index.php\/wp-json\/wp\/v2\/noticias"}],"about":[{"href":"https:\/\/portal.fgeo.gob.mx\/index.php\/wp-json\/wp\/v2\/types\/noticias"}],"author":[{"embeddable":true,"href":"https:\/\/portal.fgeo.gob.mx\/index.php\/wp-json\/wp\/v2\/users\/1"}],"replies":[{"embeddable":true,"href":"https:\/\/portal.fgeo.gob.mx\/index.php\/wp-json\/wp\/v2\/comments?post=15724"}],"wp:featuredmedia":[{"embeddable":true,"href":"https:\/\/portal.fgeo.gob.mx\/index.php\/wp-json\/"}],"wp:attachment":[{"href":"https:\/\/portal.fgeo.gob.mx\/index.php\/wp-json\/wp\/v2\/media?parent=15724"}],"wp:term":[{"taxonomy":"post_tag","embeddable":true,"href":"https:\/\/portal.fgeo.gob.mx\/index.php\/wp-json\/wp\/v2\/tags?post=15724"},{"taxonomy":"categoria_noticias","embeddable":true,"href":"https:\/\/portal.fgeo.gob.mx\/index.php\/wp-json\/wp\/v2\/categoria_noticias?post=15724"}],"curies":[{"name":"wp","href":"https:\/\/api.w.org\/{rel}","templated":true}]}}