{"id":15723,"date":"2023-07-04T18:32:35","date_gmt":"2023-07-05T00:32:35","guid":{"rendered":"http:\/\/fge.oaxaca.gob.mx\/?post_type=noticias&amp;p=5143"},"modified":"2023-07-04T18:32:35","modified_gmt":"2023-07-05T00:32:35","slug":"ejecuta-fiscalia-de-oaxaca-orden-de-aprehension-por-homicidio-cometido-contra-presidente-de-tlaxiaco","status":"publish","type":"noticias","link":"https:\/\/portal.fgeo.gob.mx\/index.php\/archivos\/noticias\/ejecuta-fiscalia-de-oaxaca-orden-de-aprehension-por-homicidio-cometido-contra-presidente-de-tlaxiaco","title":{"rendered":"Ejecuta Fiscal\u00eda de Oaxaca orden de aprehensi\u00f3n por homicidio cometido contra presidente de Tlaxiaco"},"content":{"rendered":"<p style=\"font-weight: 400; text-align: justify;\"><strong>Oaxaca de Ju\u00e1rez, Oax., a 04 de julio de 2023.-\u00a0<\/strong>La Fiscal\u00eda General del Estado de Oaxaca (FGEO), a trav\u00e9s de la Agencia Estatal de Investigaciones (AEI) ejecut\u00f3 una orden de aprehensi\u00f3n contra un hombre identificado como M.R.G., por el delito de homicidio con ventaja cometido contra quien fuera presidente de la Heroica Ciudad de Tlaxiaco, Alejandro Aparicio Santiago.<\/p>\n<p style=\"font-weight: 400; text-align: justify;\">Elementos de la AEI detuvieron al imputado en calles de Santa Cruz Xoxocotl\u00e1n la ma\u00f1ana de este martes, en cumplimiento a una orden de aprehensi\u00f3n por el delito antes mencionado.<\/p>\n<p style=\"font-weight: 400; text-align: justify;\">De acuerdo con el expediente penal, los hechos ocurrieron el pasado 1 de enero de 2019, cuando la v\u00edctima, quien acababa de tomar protesta como presidente municipal de Tlaxiaco, se encontraba realizando un recorrido en el Barrio San Bartolo, perteneciente a dicha municipalidad, cuando fue agredido con disparos de arma de fuego.<\/p>\n<p style=\"font-weight: 400; text-align: justify;\">Por el hecho, la Vicefiscal\u00eda Regional de la Mixteca inici\u00f3 las investigaciones correspondientes, que permitieron establecer la participaci\u00f3n de cuatro personas: J.M.V., A.A.G., A.O.M.G. y M.R.G, \u00e9ste \u00faltimo detenido el d\u00eda de hoy, mientras que los otros tres imputados se encuentran en prisi\u00f3n preventiva y bajo proceso jur\u00eddico.<\/p>\n<p style=\"font-weight: 400; text-align: justify;\">Para la Fiscal\u00eda General del Estado de Oaxaca la procuraci\u00f3n de justicia es fundamental, m\u00e1s a\u00fan en delitos de alto impacto que trastocan el tejido social de una poblaci\u00f3n, como es el caso del ocurrido en Tlaxiaco.<\/p>\n","protected":false},"author":1,"featured_media":3175,"comment_status":"closed","ping_status":"closed","template":"","tags":[],"categoria_noticias":[],"class_list":["post-15723","noticias","type-noticias","status-publish","has-post-thumbnail","hentry"],"acf":[],"mb":[],"mfb_rest_fields":["title","gutenberg_elementor_mode"],"_links":{"self":[{"href":"https:\/\/portal.fgeo.gob.mx\/index.php\/wp-json\/wp\/v2\/noticias\/15723","targetHints":{"allow":["GET"]}}],"collection":[{"href":"https:\/\/portal.fgeo.gob.mx\/index.php\/wp-json\/wp\/v2\/noticias"}],"about":[{"href":"https:\/\/portal.fgeo.gob.mx\/index.php\/wp-json\/wp\/v2\/types\/noticias"}],"author":[{"embeddable":true,"href":"https:\/\/portal.fgeo.gob.mx\/index.php\/wp-json\/wp\/v2\/users\/1"}],"replies":[{"embeddable":true,"href":"https:\/\/portal.fgeo.gob.mx\/index.php\/wp-json\/wp\/v2\/comments?post=15723"}],"wp:featuredmedia":[{"embeddable":true,"href":"https:\/\/portal.fgeo.gob.mx\/index.php\/wp-json\/"}],"wp:attachment":[{"href":"https:\/\/portal.fgeo.gob.mx\/index.php\/wp-json\/wp\/v2\/media?parent=15723"}],"wp:term":[{"taxonomy":"post_tag","embeddable":true,"href":"https:\/\/portal.fgeo.gob.mx\/index.php\/wp-json\/wp\/v2\/tags?post=15723"},{"taxonomy":"categoria_noticias","embeddable":true,"href":"https:\/\/portal.fgeo.gob.mx\/index.php\/wp-json\/wp\/v2\/categoria_noticias?post=15723"}],"curies":[{"name":"wp","href":"https:\/\/api.w.org\/{rel}","templated":true}]}}