{"id":15722,"date":"2023-07-04T13:25:28","date_gmt":"2023-07-04T19:25:28","guid":{"rendered":"http:\/\/fge.oaxaca.gob.mx\/?post_type=noticias&amp;p=5142"},"modified":"2023-07-04T13:25:28","modified_gmt":"2023-07-04T19:25:28","slug":"fiscalia-de-oaxaca-obtiene-sentencia-condenatoria-de-16-anos-de-prision-contra-responsable-de-violencia-familiar-y-lesiones-delitos-cometidos-en-el-istmo","status":"publish","type":"noticias","link":"https:\/\/portal.fgeo.gob.mx\/index.php\/archivos\/noticias\/fiscalia-de-oaxaca-obtiene-sentencia-condenatoria-de-16-anos-de-prision-contra-responsable-de-violencia-familiar-y-lesiones-delitos-cometidos-en-el-istmo","title":{"rendered":"Fiscal\u00eda de Oaxaca obtiene sentencia condenatoria de 16 a\u00f1os de prisi\u00f3n contra responsable de Violencia Familiar y Lesiones, delitos cometidos en el Istmo"},"content":{"rendered":"<p style=\"font-weight: 400; text-align: justify;\"><strong>Oaxaca de Ju\u00e1rez, Oax.,\u00a0 a 4 de julio de 2023.- \u00a0<\/strong>El trabajo con perspectiva de g\u00e9nero que realiza la Fiscal\u00eda General del Estado de Oaxaca (FGEO) dio como resultado la obtenci\u00f3n de una sentencia condenatoria de 16 a\u00f1os de prisi\u00f3n en contra de J. L. P., responsable de los delitos de Violencia Familiar y Lesiones Calificadas, cometidas en la regi\u00f3n del Istmo de Tehuantepec.<\/p>\n<p style=\"font-weight: 400; text-align: justify;\">De acuerdo con el expediente penal, los hechos ocurrieron el 8 de febrero de 2020, dentro de un domicilio particular localizado en Santiago Niltepec, donde la v\u00edctima fue agredida por J. L. P., quien era su pareja.<\/p>\n<p style=\"font-weight: 400; text-align: justify;\">En primera instancia, el agresor golpe\u00f3 a la v\u00edctima en repetidas ocasiones, posteriormente tom\u00f3 un arma corto-contundente (machete) con la que infligi\u00f3 severas heridas en la mano.<\/p>\n<p style=\"font-weight: 400; text-align: justify;\">La Fiscal\u00eda de Oaxaca tom\u00f3 conocimiento del caso a trav\u00e9s de la Vicefiscal\u00eda Regional del Istmo, que ejecut\u00f3 la orden de aprehensi\u00f3n correspondiente en contra del imputado que qued\u00f3 a disposici\u00f3n de las autoridades.<\/p>\n<p style=\"font-weight: 400; text-align: justify;\">Derivado de las investigaciones judiciales que se presentaron ante el Juez, se dict\u00f3 sentencia condenatoria de 16 a\u00f1os de prisi\u00f3n en contra de J. L. P., responsable de los delitos de Violencia Familiar y Lesiones Calificadas.<\/p>\n<p style=\"font-weight: 400; text-align: justify;\">Adem\u00e1s, que se le impuso el pago por una multa, as\u00ed como la reparaci\u00f3n del da\u00f1o, que ascienden a m\u00e1s de 190 mil pesos.<\/p>\n<p style=\"font-weight: 400; text-align: justify;\">La Fiscal\u00eda de Oaxaca realiza investigaciones en las que prioriza la perspectiva de g\u00e9nero para atender las particularidades de las v\u00edctimas en la comisi\u00f3n de delitos contra la mujer.<\/p>\n","protected":false},"author":1,"featured_media":3175,"comment_status":"closed","ping_status":"closed","template":"","tags":[],"categoria_noticias":[],"class_list":["post-15722","noticias","type-noticias","status-publish","has-post-thumbnail","hentry"],"acf":[],"mb":[],"mfb_rest_fields":["title","gutenberg_elementor_mode"],"_links":{"self":[{"href":"https:\/\/portal.fgeo.gob.mx\/index.php\/wp-json\/wp\/v2\/noticias\/15722","targetHints":{"allow":["GET"]}}],"collection":[{"href":"https:\/\/portal.fgeo.gob.mx\/index.php\/wp-json\/wp\/v2\/noticias"}],"about":[{"href":"https:\/\/portal.fgeo.gob.mx\/index.php\/wp-json\/wp\/v2\/types\/noticias"}],"author":[{"embeddable":true,"href":"https:\/\/portal.fgeo.gob.mx\/index.php\/wp-json\/wp\/v2\/users\/1"}],"replies":[{"embeddable":true,"href":"https:\/\/portal.fgeo.gob.mx\/index.php\/wp-json\/wp\/v2\/comments?post=15722"}],"wp:featuredmedia":[{"embeddable":true,"href":"https:\/\/portal.fgeo.gob.mx\/index.php\/wp-json\/"}],"wp:attachment":[{"href":"https:\/\/portal.fgeo.gob.mx\/index.php\/wp-json\/wp\/v2\/media?parent=15722"}],"wp:term":[{"taxonomy":"post_tag","embeddable":true,"href":"https:\/\/portal.fgeo.gob.mx\/index.php\/wp-json\/wp\/v2\/tags?post=15722"},{"taxonomy":"categoria_noticias","embeddable":true,"href":"https:\/\/portal.fgeo.gob.mx\/index.php\/wp-json\/wp\/v2\/categoria_noticias?post=15722"}],"curies":[{"name":"wp","href":"https:\/\/api.w.org\/{rel}","templated":true}]}}