{"id":15721,"date":"2023-07-03T17:06:30","date_gmt":"2023-07-03T23:06:30","guid":{"rendered":"http:\/\/fge.oaxaca.gob.mx\/?post_type=noticias&amp;p=5141"},"modified":"2023-07-03T17:06:30","modified_gmt":"2023-07-03T23:06:30","slug":"contra-responsable-de-trata-de-personas-logra-fiscalia-de-oaxaca-sentencia-de-30-anos-de-prision","status":"publish","type":"noticias","link":"https:\/\/portal.fgeo.gob.mx\/index.php\/archivos\/noticias\/contra-responsable-de-trata-de-personas-logra-fiscalia-de-oaxaca-sentencia-de-30-anos-de-prision","title":{"rendered":"Contra responsable de Trata de Personas, logra Fiscal\u00eda de Oaxaca  sentencia de 30 a\u00f1os de prisi\u00f3n"},"content":{"rendered":"<p style=\"font-weight: 400; text-align: justify;\"><strong>Oaxaca de Ju\u00e1rez, Oax., a 03 de julio de 2023.-\u00a0\u00a0<\/strong>La Fiscal\u00eda General del Estado de Oaxaca (FGEO) obtuvo una sentencia condenatoria de 30 a\u00f1os de prisi\u00f3n en contra de L. G. F. O., como responsable de la comisi\u00f3n del delito Trata de Persona en su Modalidad de Alojamiento, Retenci\u00f3n y Trabajo Forzado Agravado, ocurrido en la regi\u00f3n del Istmo de Tehuantepec.<\/p>\n<p style=\"font-weight: 400; text-align: justify;\">\n<p style=\"font-weight: 400; text-align: justify;\">De acuerdo con el expediente penal del caso, los hechos ocurrieron entre 2019 y diciembre de 2021, cuando la madre de la v\u00edctima (un adolescente cuya identidad est\u00e1 reservada por Ley) se uni\u00f3 en concubinato con L.G.F.O., quien obligaba a trabajar al menor de edad.<\/p>\n<p style=\"font-weight: 400; text-align: justify;\">\n<p style=\"font-weight: 400; text-align: justify;\">Las investigaciones de la FGEO, encabezadas por la Vicefiscal\u00eda Regional del Istmo, revelaron que la v\u00edctima no solo era obligada a trabajar sin recibir paga, sino que tambi\u00e9n sufr\u00eda violencia f\u00edsica, por lo que intent\u00f3 huir en diversas ocasiones.<\/p>\n<p style=\"font-weight: 400; text-align: justify;\">\n<p style=\"font-weight: 400; text-align: justify;\">En enero de 2022, la v\u00edctima logr\u00f3 escapar con ayuda de su madre y se refugi\u00f3 con su familia, que le apoy\u00f3 para interponer la denuncia correspondiente ante la FGEO, lo cual propici\u00f3 que se realizaran las investigaciones por las que se realiz\u00f3 la detenci\u00f3n de L.G.F.O.<\/p>\n<p style=\"font-weight: 400; text-align: justify;\">\n<p style=\"font-weight: 400; text-align: justify;\">El imputado qued\u00f3 a disposici\u00f3n del Juez que atiende la causa, quien luego de evaluar los datos de prueba aportados por la Fiscal\u00eda, dict\u00f3 sentencia condenatoria de 30 a\u00f1os de prisi\u00f3n en contra de L.G.F.O. por su responsabilidad en la comisi\u00f3n del delito de Trata de Persona en su Modalidad de Alojamiento, Retenci\u00f3n y Trabajo Forzado Agravado, adem\u00e1s que impuso el pago de una multa superior a un mill\u00f3n 200 mil pesos y reparaci\u00f3n del da\u00f1o en abstracto.<\/p>\n<p style=\"font-weight: 400; text-align: justify;\">\n<p style=\"font-weight: 400; text-align: justify;\">La Fiscal\u00eda de Oaxaca realiza trabajos de procuraci\u00f3n de justicia para garantizar los derechos de ni\u00f1as, ni\u00f1os y adolescentes v\u00edctimas de delitos, adem\u00e1s de la reparaci\u00f3n del da\u00f1o a su favor.<\/p>\n","protected":false},"author":1,"featured_media":3175,"comment_status":"closed","ping_status":"closed","template":"","tags":[],"categoria_noticias":[],"class_list":["post-15721","noticias","type-noticias","status-publish","has-post-thumbnail","hentry"],"acf":[],"mb":[],"mfb_rest_fields":["title","gutenberg_elementor_mode"],"_links":{"self":[{"href":"https:\/\/portal.fgeo.gob.mx\/index.php\/wp-json\/wp\/v2\/noticias\/15721","targetHints":{"allow":["GET"]}}],"collection":[{"href":"https:\/\/portal.fgeo.gob.mx\/index.php\/wp-json\/wp\/v2\/noticias"}],"about":[{"href":"https:\/\/portal.fgeo.gob.mx\/index.php\/wp-json\/wp\/v2\/types\/noticias"}],"author":[{"embeddable":true,"href":"https:\/\/portal.fgeo.gob.mx\/index.php\/wp-json\/wp\/v2\/users\/1"}],"replies":[{"embeddable":true,"href":"https:\/\/portal.fgeo.gob.mx\/index.php\/wp-json\/wp\/v2\/comments?post=15721"}],"wp:featuredmedia":[{"embeddable":true,"href":"https:\/\/portal.fgeo.gob.mx\/index.php\/wp-json\/"}],"wp:attachment":[{"href":"https:\/\/portal.fgeo.gob.mx\/index.php\/wp-json\/wp\/v2\/media?parent=15721"}],"wp:term":[{"taxonomy":"post_tag","embeddable":true,"href":"https:\/\/portal.fgeo.gob.mx\/index.php\/wp-json\/wp\/v2\/tags?post=15721"},{"taxonomy":"categoria_noticias","embeddable":true,"href":"https:\/\/portal.fgeo.gob.mx\/index.php\/wp-json\/wp\/v2\/categoria_noticias?post=15721"}],"curies":[{"name":"wp","href":"https:\/\/api.w.org\/{rel}","templated":true}]}}