{"id":15716,"date":"2023-06-30T16:30:29","date_gmt":"2023-06-30T22:30:29","guid":{"rendered":"http:\/\/fge.oaxaca.gob.mx\/?post_type=noticias&amp;p=5136"},"modified":"2023-06-30T16:30:29","modified_gmt":"2023-06-30T22:30:29","slug":"fortalece-fgeo-procuracion-de-justicia-con-enfoque-de-derechos-humanos-e-interseccional-rodriguez-alamilla","status":"publish","type":"noticias","link":"https:\/\/portal.fgeo.gob.mx\/index.php\/archivos\/noticias\/fortalece-fgeo-procuracion-de-justicia-con-enfoque-de-derechos-humanos-e-interseccional-rodriguez-alamilla","title":{"rendered":"Fortalece FGEO procuraci\u00f3n de justicia con enfoque de derechos humanos e interseccional: Rodr\u00edguez Alamilla"},"content":{"rendered":"<p style=\"text-align: justify;\"><strong>Oaxaca de Ju\u00e1rez, Oax., a 30 de junio de 2023.- \u00a0<\/strong>\u00a0Al participar en el Foro \u201cPersonas con discapacidad, accesibilidad, inclusi\u00f3n, autonom\u00eda y dignidad\u201d, el Fiscal General del Estado, Bernardo Rodr\u00edguez Alamilla afirm\u00f3 que resulta indispensable transformar las formas en las que se construyen los procesos de procuraci\u00f3n de justicia, pues, requieren ser fortalecidos desde una perspectiva de derechos humanos y con un enfoque transversal e interseccional, que permita brindar a las personas con discapacidad servicios inclusivos.<\/p>\n<p style=\"text-align: justify;\">\n<p style=\"text-align: justify;\">Ante la presencia de la titular de la Coordinaci\u00f3n para la Atenci\u00f3n de los Derechos Humanos del Gobierno, la presidenta del Instituto Estatal Electoral y de Participaci\u00f3n Ciudadana de Oaxaca (IEEPCO), Elizabeth S\u00e1nchez Gonz\u00e1lez; el Fiscal General refrend\u00f3 el compromiso de la instituci\u00f3n de brindar procesos de justicia adecuados a las personas con discapacidad, en los que ellas y ellos est\u00e9n en el centro de la toma de decisiones.<\/p>\n<p style=\"text-align: justify;\">\n<p style=\"text-align: justify;\">Apunt\u00f3 que, a trav\u00e9s de la realizaci\u00f3n de Foros es posible que personas con discapacidad conjuntamente con la sociedad civil organizada, puedan exponer sus necesidades y expectativas, lo que es fundamental para construir pol\u00edticas p\u00fablicas que realmente sean efectivas para este sector de la poblaci\u00f3n.<\/p>\n<p style=\"text-align: justify;\">\n<p style=\"text-align: justify;\">Por su parte, la coordinadora para la Atenci\u00f3n de los Derechos Humanos del Gobierno del Estado de Oaxaca (CADH), Flor Estela Morales dijo que este Foro es el arranque para los trabajos del Plan Estatal de Derechos Humanos, adem\u00e1s que este espacio permitir\u00e1 escuchar las inquietudes y necesidades de las personas con discapacidad.<\/p>\n<p style=\"text-align: justify;\">\n<p style=\"text-align: justify;\">Por su parte, la presidenta del Instituto Estatal Electoral y de Participaci\u00f3n Ciudadana de Oaxaca (IEEPCO), Elizabeth S\u00e1nchez Gonz\u00e1lez se\u00f1al\u00f3 que desde este organismo se han realizado toda una serie de cambios a la norma jur\u00eddica para poder garantizar una adecuada representaci\u00f3n pol\u00edtica de las personas con discapacidad, adem\u00e1s que han implementado acciones afirmativas en los procesos electorales de modo que puedan ser accesibles e inclusivos, pues la participaci\u00f3n pol\u00edtica no solo es un derecho, sino una necesidad para la democracia.<\/p>\n<p style=\"text-align: justify;\">\n<p style=\"text-align: justify;\">El Foro \u201cPersonas con discapacidad, accesibilidad, inclusi\u00f3n, autonom\u00eda y dignidad\u201d, es un espacio en el que se busca la coordinaci\u00f3n interinstitucional que permita promover el acceso a los derechos humanos, a la justicia y la atenci\u00f3n de personas con discapacidad.<\/p>\n","protected":false},"author":1,"featured_media":3175,"comment_status":"closed","ping_status":"closed","template":"","tags":[],"categoria_noticias":[],"class_list":["post-15716","noticias","type-noticias","status-publish","has-post-thumbnail","hentry"],"acf":[],"mb":[],"mfb_rest_fields":["title","gutenberg_elementor_mode"],"_links":{"self":[{"href":"https:\/\/portal.fgeo.gob.mx\/index.php\/wp-json\/wp\/v2\/noticias\/15716","targetHints":{"allow":["GET"]}}],"collection":[{"href":"https:\/\/portal.fgeo.gob.mx\/index.php\/wp-json\/wp\/v2\/noticias"}],"about":[{"href":"https:\/\/portal.fgeo.gob.mx\/index.php\/wp-json\/wp\/v2\/types\/noticias"}],"author":[{"embeddable":true,"href":"https:\/\/portal.fgeo.gob.mx\/index.php\/wp-json\/wp\/v2\/users\/1"}],"replies":[{"embeddable":true,"href":"https:\/\/portal.fgeo.gob.mx\/index.php\/wp-json\/wp\/v2\/comments?post=15716"}],"wp:featuredmedia":[{"embeddable":true,"href":"https:\/\/portal.fgeo.gob.mx\/index.php\/wp-json\/"}],"wp:attachment":[{"href":"https:\/\/portal.fgeo.gob.mx\/index.php\/wp-json\/wp\/v2\/media?parent=15716"}],"wp:term":[{"taxonomy":"post_tag","embeddable":true,"href":"https:\/\/portal.fgeo.gob.mx\/index.php\/wp-json\/wp\/v2\/tags?post=15716"},{"taxonomy":"categoria_noticias","embeddable":true,"href":"https:\/\/portal.fgeo.gob.mx\/index.php\/wp-json\/wp\/v2\/categoria_noticias?post=15716"}],"curies":[{"name":"wp","href":"https:\/\/api.w.org\/{rel}","templated":true}]}}