{"id":15714,"date":"2023-06-30T12:50:14","date_gmt":"2023-06-30T18:50:14","guid":{"rendered":"http:\/\/fge.oaxaca.gob.mx\/?post_type=noticias&amp;p=5134"},"modified":"2023-06-30T12:50:14","modified_gmt":"2023-06-30T18:50:14","slug":"hallan-a-dos-personas-reportadas-como-no-localizadas-en-la-cuenca-fiscalia-de-oaxaca","status":"publish","type":"noticias","link":"https:\/\/portal.fgeo.gob.mx\/index.php\/archivos\/noticias\/hallan-a-dos-personas-reportadas-como-no-localizadas-en-la-cuenca-fiscalia-de-oaxaca","title":{"rendered":"Hallan a dos personas reportadas como No Localizadas  en la Cuenca: Fiscal\u00eda de Oaxaca"},"content":{"rendered":"<p style=\"text-align: justify;\"><strong>Oaxaca de Ju\u00e1rez, Oax., a 30 de junio de 2023.-\u00a0<\/strong>Ante las investigaciones efectuadas por la Fiscal\u00eda General del Estado de Oaxaca (FGEO), as\u00ed como de la participaci\u00f3n ciudadana y de autoridades municipales, se logr\u00f3 encontrar a dos personas reportadas como No Localizadas en la regi\u00f3n de la Cuenca.<\/p>\n<p style=\"text-align: justify;\">\n<p style=\"text-align: justify;\">El primer caso se trata de una adolescente identificada por las iniciales J.E.A.T, cuya familia acudi\u00f3 a la Vicefiscal\u00eda Regional de la Cuenca para denunciar su No Localizaci\u00f3n el pasado 27 de junio de 2023, ante lo cual, elementos de la Agencia Estatal de Investigaciones (AEI) iniciaron con las investigaciones correspondientes, dando con su paradero el 29 del mismo mes.<\/p>\n<p style=\"text-align: justify;\">\n<p style=\"text-align: justify;\">Mientras que, el segundo caso corresponde a E.L.A., quien fue reportado como No Localizado ante la representaci\u00f3n en Tuxtepec de la FGEO el pasado 5 de mayo de este a\u00f1o, cuando, sus familiares se\u00f1alaron que se le hab\u00eda visto por \u00faltima vez en Loma Bonita, mientras transitaba en su motocicleta.<\/p>\n<p style=\"text-align: justify;\">\n<p style=\"text-align: justify;\">Este 29 de junio, elementos de la polic\u00eda municipal encontraron a E.L.A., en Tierra Alta, durante la realizaci\u00f3n de rondines de seguridad en los que observaron a un hombre que deambulaba, ante lo cual se logr\u00f3 su identificaci\u00f3n, as\u00ed como la restituci\u00f3n con su familia.<\/p>\n<p style=\"text-align: justify;\">\n<p style=\"text-align: justify;\">La Fiscal\u00eda General del Estado lleva a cabo acciones permanentes de b\u00fasqueda de personas No Localizadas, para, de manera conjunta con la sociedad y autoridades municipales, lograr que las personas sean restituidas con sus familias.<\/p>\n","protected":false},"author":1,"featured_media":3175,"comment_status":"closed","ping_status":"closed","template":"","tags":[],"categoria_noticias":[],"class_list":["post-15714","noticias","type-noticias","status-publish","has-post-thumbnail","hentry"],"acf":[],"mb":[],"mfb_rest_fields":["title","gutenberg_elementor_mode"],"_links":{"self":[{"href":"https:\/\/portal.fgeo.gob.mx\/index.php\/wp-json\/wp\/v2\/noticias\/15714","targetHints":{"allow":["GET"]}}],"collection":[{"href":"https:\/\/portal.fgeo.gob.mx\/index.php\/wp-json\/wp\/v2\/noticias"}],"about":[{"href":"https:\/\/portal.fgeo.gob.mx\/index.php\/wp-json\/wp\/v2\/types\/noticias"}],"author":[{"embeddable":true,"href":"https:\/\/portal.fgeo.gob.mx\/index.php\/wp-json\/wp\/v2\/users\/1"}],"replies":[{"embeddable":true,"href":"https:\/\/portal.fgeo.gob.mx\/index.php\/wp-json\/wp\/v2\/comments?post=15714"}],"wp:featuredmedia":[{"embeddable":true,"href":"https:\/\/portal.fgeo.gob.mx\/index.php\/wp-json\/"}],"wp:attachment":[{"href":"https:\/\/portal.fgeo.gob.mx\/index.php\/wp-json\/wp\/v2\/media?parent=15714"}],"wp:term":[{"taxonomy":"post_tag","embeddable":true,"href":"https:\/\/portal.fgeo.gob.mx\/index.php\/wp-json\/wp\/v2\/tags?post=15714"},{"taxonomy":"categoria_noticias","embeddable":true,"href":"https:\/\/portal.fgeo.gob.mx\/index.php\/wp-json\/wp\/v2\/categoria_noticias?post=15714"}],"curies":[{"name":"wp","href":"https:\/\/api.w.org\/{rel}","templated":true}]}}