{"id":15712,"date":"2023-06-28T17:02:30","date_gmt":"2023-06-28T23:02:30","guid":{"rendered":"http:\/\/fge.oaxaca.gob.mx\/?post_type=noticias&amp;p=5130"},"modified":"2023-06-28T17:02:30","modified_gmt":"2023-06-28T23:02:30","slug":"contra-responsable-de-tentativa-de-feminicidio-obtiene-fiscalia-de-oaxaca-sentencia-condenatoria-superior-a-los-33-anos-de-prision","status":"publish","type":"noticias","link":"https:\/\/portal.fgeo.gob.mx\/index.php\/archivos\/noticias\/contra-responsable-de-tentativa-de-feminicidio-obtiene-fiscalia-de-oaxaca-sentencia-condenatoria-superior-a-los-33-anos-de-prision","title":{"rendered":"Contra responsable de Tentativa de Feminicidio obtiene Fiscal\u00eda de Oaxaca sentencia condenatoria superior a los 33 a\u00f1os de prisi\u00f3n"},"content":{"rendered":"<p style=\"font-weight: 400; text-align: justify;\"><strong>Oaxaca de Ju\u00e1rez, Oax., a 28 de junio de 2023.-\u00a0<\/strong>La Fiscal\u00eda General del Estado de Oaxaca (FGEO) obtuvo una sentencia condenatoria superior a los 33 a\u00f1os de prisi\u00f3n en contra de J.F.J.S., por su responsabilidad en la comisi\u00f3n de los delitos de Tentativa de Feminicidio y Lesiones Calificadas, ocurridos en la regi\u00f3n del Istmo de Tehuantepec.<\/p>\n<p style=\"font-weight: 400; text-align: justify;\">De acuerdo con el expediente penal del caso, los hechos sucedieron el 27 de marzo de 2022, en la ciudad de Juchit\u00e1n de Zaragoza, donde J. F. J S. lleg\u00f3 al domicilio de las v\u00edctimas, a quienes agredi\u00f3 de manera verbal para posteriormente dispararles en su contra.<\/p>\n<p style=\"font-weight: 400; text-align: justify;\">Derivado de este ataque, dos personas sufrieron lesiones mientras que el responsable de la agresi\u00f3n huy\u00f3, pero fue detenido por elementos de la Polic\u00eda Municipal. Por estos hechos se configuraron los delitos de Tentativa de Feminicidio y Lesiones Calificadas, el primero de los il\u00edcitos en agravio de C. S. C. y el segundo de los il\u00edcitos en agravio de A. S. C.<\/p>\n<p style=\"font-weight: 400; text-align: justify;\">La FGEO tom\u00f3 conocimiento de los hechos a trav\u00e9s de la Vicefiscal\u00eda Regional del Istmo, la cual se hizo cargo de las investigaciones que permitieron presentar ante el Juez al imputado. Luego de evaluar las pruebas del caso se dict\u00f3 sentencia condenatoria en contra de J. F. J S., quien pasar\u00e1 33 a\u00f1os 9 meses y 10 d\u00edas de prisi\u00f3n, adem\u00e1s que tendr\u00e1 que pagar una multa y la reparaci\u00f3n del da\u00f1o.<\/p>\n<p style=\"font-weight: 400; text-align: justify;\">La Fiscal\u00eda de Oaxaca realiza acciones contundentes en los procesos de procuraci\u00f3n de justicia para lograr condenas contra los responsables de delitos y la reparaci\u00f3n del da\u00f1o a favor de las v\u00edctimas.<\/p>\n","protected":false},"author":1,"featured_media":3175,"comment_status":"closed","ping_status":"closed","template":"","tags":[],"categoria_noticias":[],"class_list":["post-15712","noticias","type-noticias","status-publish","has-post-thumbnail","hentry"],"acf":[],"mb":[],"mfb_rest_fields":["title","gutenberg_elementor_mode"],"_links":{"self":[{"href":"https:\/\/portal.fgeo.gob.mx\/index.php\/wp-json\/wp\/v2\/noticias\/15712","targetHints":{"allow":["GET"]}}],"collection":[{"href":"https:\/\/portal.fgeo.gob.mx\/index.php\/wp-json\/wp\/v2\/noticias"}],"about":[{"href":"https:\/\/portal.fgeo.gob.mx\/index.php\/wp-json\/wp\/v2\/types\/noticias"}],"author":[{"embeddable":true,"href":"https:\/\/portal.fgeo.gob.mx\/index.php\/wp-json\/wp\/v2\/users\/1"}],"replies":[{"embeddable":true,"href":"https:\/\/portal.fgeo.gob.mx\/index.php\/wp-json\/wp\/v2\/comments?post=15712"}],"wp:featuredmedia":[{"embeddable":true,"href":"https:\/\/portal.fgeo.gob.mx\/index.php\/wp-json\/"}],"wp:attachment":[{"href":"https:\/\/portal.fgeo.gob.mx\/index.php\/wp-json\/wp\/v2\/media?parent=15712"}],"wp:term":[{"taxonomy":"post_tag","embeddable":true,"href":"https:\/\/portal.fgeo.gob.mx\/index.php\/wp-json\/wp\/v2\/tags?post=15712"},{"taxonomy":"categoria_noticias","embeddable":true,"href":"https:\/\/portal.fgeo.gob.mx\/index.php\/wp-json\/wp\/v2\/categoria_noticias?post=15712"}],"curies":[{"name":"wp","href":"https:\/\/api.w.org\/{rel}","templated":true}]}}