{"id":15706,"date":"2023-06-26T15:21:31","date_gmt":"2023-06-26T21:21:31","guid":{"rendered":"http:\/\/fge.oaxaca.gob.mx\/?post_type=noticias&amp;p=5124"},"modified":"2023-06-26T15:21:31","modified_gmt":"2023-06-26T21:21:31","slug":"obtiene-fiscalia-de-oaxaca-dos-vinculaciones-a-proceso-por-casos-diferentes-de-delitos-sexuales-cometidos-en-la-costa","status":"publish","type":"noticias","link":"https:\/\/portal.fgeo.gob.mx\/index.php\/archivos\/noticias\/obtiene-fiscalia-de-oaxaca-dos-vinculaciones-a-proceso-por-casos-diferentes-de-delitos-sexuales-cometidos-en-la-costa","title":{"rendered":"Obtiene Fiscal\u00eda de Oaxaca dos vinculaciones a proceso por casos diferentes de delitos sexuales cometidos en la Costa"},"content":{"rendered":"<p style=\"font-weight: 400; text-align: justify;\"><strong>Oaxaca de Ju\u00e1rez, Oax., a 26 de junio de 2023.-\u00a0<\/strong>Los trabajos especializados que se realizan con estricto apego a la perspectiva de g\u00e9nero, efectuados por la Fiscal\u00eda General del Estado de Oaxaca (FGEO) dieron como resultado la obtenci\u00f3n de dos vinculaciones a proceso en dos diferentes casos de agresiones sexuales cometidas en agravio de v\u00edctimas mujeres, ocurridos en la regi\u00f3n de la Costa.<\/p>\n<p style=\"font-weight: 400; text-align: justify;\">El primer hecho sucedi\u00f3 el 21 de mayo de 2023, en un domicilio localizado en inmediaciones de la carretera estatal Puerto Escondido, donde la v\u00edctima sufri\u00f3 violencia sexual, la cual configura el delito de Violaci\u00f3n.<\/p>\n<p style=\"font-weight: 400; text-align: justify;\">La Vicefiscal\u00eda Regional de la Costa recibi\u00f3 la denuncia e inici\u00f3 las investigaciones que permitieron ejecutar una orden de aprehensi\u00f3n en contra de I. R., por lo fue presentado ante el Juez de Control que atiende la causa quien, tras evaluar las pruebas aportadas por la Fiscal\u00eda, dict\u00f3 auto de vinculaci\u00f3n a proceso contra el imputado, adem\u00e1s que impuso prisi\u00f3n preventiva y otorg\u00f3 tres meses para el cierre de investigaciones.<\/p>\n<p style=\"font-weight: 400; text-align: justify;\">Mientras que, el segundo caso ocurri\u00f3 el 9 de diciembre de 2021, en un domicilio del municipio de San Juan Lachao, donde la v\u00edctima sufri\u00f3 de violencia sexual por la cual se configura el delito de Abuso Sexual Agravado.<\/p>\n<p style=\"font-weight: 400; text-align: justify;\">Ante los hechos, la FGO realiz\u00f3 investigaciones por las cuales se obtuvo una orden de aprehensi\u00f3n que se ejecut\u00f3 en contra de V. P. C., quien fue detenido y qued\u00f3 a disposici\u00f3n del Juez que atiende la causa, dictando auto de vinculaci\u00f3n a proceso, adem\u00e1s de imponer prisi\u00f3n preventiva y establecer el plazo de un mes para el cierre de la investigaci\u00f3n.<\/p>\n<p style=\"font-weight: 400; text-align: justify;\">La Fiscal\u00eda de Oaxaca canaliza los casos de delitos sexuales a la Unidad Operativa de Investigaci\u00f3n de Delitos Cometidos Contra la Mujer Por Raz\u00f3n De G\u00e9nero para que los trabajos respondan a las necesidades prioritarias de las v\u00edctimas y reciban acompa\u00f1amiento integral en el proceso de procuraci\u00f3n de justicia.<\/p>\n","protected":false},"author":1,"featured_media":3175,"comment_status":"closed","ping_status":"closed","template":"","tags":[],"categoria_noticias":[],"class_list":["post-15706","noticias","type-noticias","status-publish","has-post-thumbnail","hentry"],"acf":[],"mb":[],"mfb_rest_fields":["title","gutenberg_elementor_mode"],"_links":{"self":[{"href":"https:\/\/portal.fgeo.gob.mx\/index.php\/wp-json\/wp\/v2\/noticias\/15706","targetHints":{"allow":["GET"]}}],"collection":[{"href":"https:\/\/portal.fgeo.gob.mx\/index.php\/wp-json\/wp\/v2\/noticias"}],"about":[{"href":"https:\/\/portal.fgeo.gob.mx\/index.php\/wp-json\/wp\/v2\/types\/noticias"}],"author":[{"embeddable":true,"href":"https:\/\/portal.fgeo.gob.mx\/index.php\/wp-json\/wp\/v2\/users\/1"}],"replies":[{"embeddable":true,"href":"https:\/\/portal.fgeo.gob.mx\/index.php\/wp-json\/wp\/v2\/comments?post=15706"}],"wp:featuredmedia":[{"embeddable":true,"href":"https:\/\/portal.fgeo.gob.mx\/index.php\/wp-json\/"}],"wp:attachment":[{"href":"https:\/\/portal.fgeo.gob.mx\/index.php\/wp-json\/wp\/v2\/media?parent=15706"}],"wp:term":[{"taxonomy":"post_tag","embeddable":true,"href":"https:\/\/portal.fgeo.gob.mx\/index.php\/wp-json\/wp\/v2\/tags?post=15706"},{"taxonomy":"categoria_noticias","embeddable":true,"href":"https:\/\/portal.fgeo.gob.mx\/index.php\/wp-json\/wp\/v2\/categoria_noticias?post=15706"}],"curies":[{"name":"wp","href":"https:\/\/api.w.org\/{rel}","templated":true}]}}