{"id":15703,"date":"2023-06-24T16:30:58","date_gmt":"2023-06-24T22:30:58","guid":{"rendered":"http:\/\/fge.oaxaca.gob.mx\/?post_type=noticias&amp;p=5121"},"modified":"2023-06-24T16:30:58","modified_gmt":"2023-06-24T22:30:58","slug":"ejecuta-fiscalia-de-oaxaca-orden-de-aprehension-por-delito-de-feminicidio-agravado-cometido-en-candiani","status":"publish","type":"noticias","link":"https:\/\/portal.fgeo.gob.mx\/index.php\/archivos\/noticias\/ejecuta-fiscalia-de-oaxaca-orden-de-aprehension-por-delito-de-feminicidio-agravado-cometido-en-candiani","title":{"rendered":"Ejecuta Fiscal\u00eda de Oaxaca orden de aprehensi\u00f3n por delito de Feminicidio Agravado cometido en Candiani"},"content":{"rendered":"<p style=\"font-weight: 400; text-align: justify;\"><strong>Oaxaca de Ju\u00e1rez, Oax., a 24 de junio de 2023.-\u00a0<\/strong>La Fiscal\u00eda General del Estado de Oaxaca (FGEO) ejecut\u00f3 una orden de aprehensi\u00f3n contra un hombre identificado como V.M.P., por el delito de Feminicidio Agravado cometido contra la v\u00edctima B.R.R., cuyo cuerpo fue encontrado en un predio perteneciente a la colonia Candiani, Santa Cruz Xoxocotl\u00e1n, el pasado 10 de febrero.<\/p>\n<p style=\"font-weight: 400; text-align: justify;\">De acuerdo con la causa penal, los hechos ocurrieron el 4 de febrero de 2023, cuando el imputado probablemente habr\u00eda agredido a la v\u00edctima con un objeto contundente, motivo por el cual perdi\u00f3 la vida.<\/p>\n<p style=\"font-weight: 400; text-align: justify;\">Posteriormente, el 7 de febrero, familiares de la v\u00edctima reportaron su desaparici\u00f3n, mientras que el 10 de ese mismo mes, su cuerpo fue hallado en el citado lugar, por lo que luego de tener conocimiento de los hechos, la Fiscal\u00eda Especializada para la Atenci\u00f3n a Delitos Contra la Mujer por Raz\u00f3n de G\u00e9nero inici\u00f3 una carpeta de investigaci\u00f3n por el delito de Feminicidio Agravado.<\/p>\n<p style=\"font-weight: 400; text-align: justify;\">Tras presentar las pruebas suficientes, la FGEO obtuvo del Juez, una orden de aprehensi\u00f3n contra el imputado, ejecut\u00e1ndose este s\u00e1bado por parte de elementos de la Agencia Estatal de Investigaciones (AEI), por lo que quedar\u00e1 a\u00a0disposici\u00f3n de las autoridades correspondientes para determinar su situaci\u00f3n jur\u00eddica en las pr\u00f3ximas horas.<\/p>\n<p style=\"font-weight: 400; text-align: justify;\">La Fiscal\u00eda de Oaxaca investiga los delitos contra la mujer con un equipo especializado que realiza las labores con perspectiva de g\u00e9nero, lo cual permite ofrecer resultados tangibles para que las v\u00edctimas directas e indirectas tengan acceso pleno a la justicia.<\/p>\n","protected":false},"author":1,"featured_media":3175,"comment_status":"closed","ping_status":"closed","template":"","tags":[],"categoria_noticias":[],"class_list":["post-15703","noticias","type-noticias","status-publish","has-post-thumbnail","hentry"],"acf":[],"mb":[],"mfb_rest_fields":["title","gutenberg_elementor_mode"],"_links":{"self":[{"href":"https:\/\/portal.fgeo.gob.mx\/index.php\/wp-json\/wp\/v2\/noticias\/15703","targetHints":{"allow":["GET"]}}],"collection":[{"href":"https:\/\/portal.fgeo.gob.mx\/index.php\/wp-json\/wp\/v2\/noticias"}],"about":[{"href":"https:\/\/portal.fgeo.gob.mx\/index.php\/wp-json\/wp\/v2\/types\/noticias"}],"author":[{"embeddable":true,"href":"https:\/\/portal.fgeo.gob.mx\/index.php\/wp-json\/wp\/v2\/users\/1"}],"replies":[{"embeddable":true,"href":"https:\/\/portal.fgeo.gob.mx\/index.php\/wp-json\/wp\/v2\/comments?post=15703"}],"wp:featuredmedia":[{"embeddable":true,"href":"https:\/\/portal.fgeo.gob.mx\/index.php\/wp-json\/"}],"wp:attachment":[{"href":"https:\/\/portal.fgeo.gob.mx\/index.php\/wp-json\/wp\/v2\/media?parent=15703"}],"wp:term":[{"taxonomy":"post_tag","embeddable":true,"href":"https:\/\/portal.fgeo.gob.mx\/index.php\/wp-json\/wp\/v2\/tags?post=15703"},{"taxonomy":"categoria_noticias","embeddable":true,"href":"https:\/\/portal.fgeo.gob.mx\/index.php\/wp-json\/wp\/v2\/categoria_noticias?post=15703"}],"curies":[{"name":"wp","href":"https:\/\/api.w.org\/{rel}","templated":true}]}}