{"id":15702,"date":"2023-06-24T15:30:26","date_gmt":"2023-06-24T21:30:26","guid":{"rendered":"http:\/\/fge.oaxaca.gob.mx\/?post_type=noticias&amp;p=5120"},"modified":"2023-06-24T15:30:26","modified_gmt":"2023-06-24T21:30:26","slug":"fiscalia-de-oaxaca-obtiene-sentencia-condenatoria-de-20-anos-de-prision-contra-responsables-de-homicidio-cometido-en-san-martin-mexicapan","status":"publish","type":"noticias","link":"https:\/\/portal.fgeo.gob.mx\/index.php\/archivos\/noticias\/fiscalia-de-oaxaca-obtiene-sentencia-condenatoria-de-20-anos-de-prision-contra-responsables-de-homicidio-cometido-en-san-martin-mexicapan","title":{"rendered":"Fiscal\u00eda de Oaxaca obtiene sentencia condenatoria de 20 a\u00f1os de prisi\u00f3n contra responsables de homicidio cometido en San Mart\u00edn Mexicapan"},"content":{"rendered":"<p style=\"font-weight: 400; text-align: justify;\"><strong>Oaxaca de Ju\u00e1rez, Oax., a 24 de junio de 2023.- \u00a0<\/strong>La Fiscal\u00eda General del Estado de Oaxaca (FGEO) obtuvo sentencia condenatoria de 20 a\u00f1os de prisi\u00f3n en contra de dos personas del sexo masculino identificadas como E. C. L. y J. C. L., responsables del delito de homicidio calificado con ventaja en agravio de quien en vida respondiera al nombre de A. A. P. (ingeniero de profesi\u00f3n), cometido en noviembre de 2020 en jurisdicci\u00f3n de Oaxaca de Ju\u00e1rez, en la regi\u00f3n de Valles Centrales.<\/p>\n<p style=\"font-weight: 400; text-align: justify;\">De acuerdo con la carpeta de investigaci\u00f3n, el 21 de noviembre de 2020, los imputados \u2013en compa\u00f1\u00eda de otros sujetos- agredieron a la v\u00edctima de forma f\u00edsica cuando se encontraba en inmediaciones de la colonia Moctezuma, de la agencia de San Mart\u00edn Mexicapan, perteneciente a la capital del estado.<\/p>\n<p style=\"font-weight: 400; text-align: justify;\">Posteriormente, los sentenciados lesionaron a la v\u00edctima con un objeto punzo cortante (cuchillo), provoc\u00e1ndole heridas que ocasionaron su muerte.<\/p>\n<p style=\"font-weight: 400; text-align: justify;\">Ante este hecho, la Instituci\u00f3n de procuraci\u00f3n de justicia inici\u00f3 una exhaustiva investigaci\u00f3n -a trav\u00e9s de la Fiscal\u00eda Especializada en Atenci\u00f3n a Delitos de Alto Impacto-, logrando identificar, aprehender y presentar a los imputados ante el Juzgado de Control.<\/p>\n<p style=\"font-weight: 400; text-align: justify;\">En audiencia y tras validar los datos de prueba proporcionados por la FGEO, el Juez en turno dict\u00f3 sentencia condenatoria de 20 a\u00f1os a cada uno de los responsables, E. C. L. y J. C. L., adem\u00e1s que impuso el pago de m\u00e1s de 430 mil pesos por concepto de reparaci\u00f3n del da\u00f1o.<\/p>\n<p style=\"font-weight: 400; text-align: justify;\">La Fiscal\u00eda General refrenda su compromiso de garantizar justicia a v\u00edctimas de delitos, aplicando todo el rigor de la Ley a quienes resulten responsables.<\/p>\n","protected":false},"author":1,"featured_media":3175,"comment_status":"closed","ping_status":"closed","template":"","tags":[],"categoria_noticias":[],"class_list":["post-15702","noticias","type-noticias","status-publish","has-post-thumbnail","hentry"],"acf":[],"mb":[],"mfb_rest_fields":["title","gutenberg_elementor_mode"],"_links":{"self":[{"href":"https:\/\/portal.fgeo.gob.mx\/index.php\/wp-json\/wp\/v2\/noticias\/15702","targetHints":{"allow":["GET"]}}],"collection":[{"href":"https:\/\/portal.fgeo.gob.mx\/index.php\/wp-json\/wp\/v2\/noticias"}],"about":[{"href":"https:\/\/portal.fgeo.gob.mx\/index.php\/wp-json\/wp\/v2\/types\/noticias"}],"author":[{"embeddable":true,"href":"https:\/\/portal.fgeo.gob.mx\/index.php\/wp-json\/wp\/v2\/users\/1"}],"replies":[{"embeddable":true,"href":"https:\/\/portal.fgeo.gob.mx\/index.php\/wp-json\/wp\/v2\/comments?post=15702"}],"wp:featuredmedia":[{"embeddable":true,"href":"https:\/\/portal.fgeo.gob.mx\/index.php\/wp-json\/"}],"wp:attachment":[{"href":"https:\/\/portal.fgeo.gob.mx\/index.php\/wp-json\/wp\/v2\/media?parent=15702"}],"wp:term":[{"taxonomy":"post_tag","embeddable":true,"href":"https:\/\/portal.fgeo.gob.mx\/index.php\/wp-json\/wp\/v2\/tags?post=15702"},{"taxonomy":"categoria_noticias","embeddable":true,"href":"https:\/\/portal.fgeo.gob.mx\/index.php\/wp-json\/wp\/v2\/categoria_noticias?post=15702"}],"curies":[{"name":"wp","href":"https:\/\/api.w.org\/{rel}","templated":true}]}}