{"id":15701,"date":"2023-06-24T13:32:54","date_gmt":"2023-06-24T19:32:54","guid":{"rendered":"http:\/\/fge.oaxaca.gob.mx\/?post_type=noticias&amp;p=5119"},"modified":"2023-06-24T13:32:54","modified_gmt":"2023-06-24T19:32:54","slug":"fiscalia-de-oaxaca-ejecuta-orden-de-aprehension-y-detiene-a-imputado-por-desaparicion-forzada-de-una-mujer-cometida-en-zimatlan","status":"publish","type":"noticias","link":"https:\/\/portal.fgeo.gob.mx\/index.php\/archivos\/noticias\/fiscalia-de-oaxaca-ejecuta-orden-de-aprehension-y-detiene-a-imputado-por-desaparicion-forzada-de-una-mujer-cometida-en-zimatlan","title":{"rendered":"Fiscal\u00eda de Oaxaca ejecuta orden de aprehensi\u00f3n y detiene a imputado por desaparici\u00f3n forzada de una mujer cometida en Zimatl\u00e1n"},"content":{"rendered":"<p style=\"font-weight: 400; text-align: justify;\"><strong>Oaxaca de Ju\u00e1rez, Oax., a 24 de junio de 2023.-\u00a0<\/strong>Gracias al trabajo legal de la Fiscal\u00eda General del Estado de Oaxaca (FGEO) se ejecut\u00f3 una orden de aprehensi\u00f3n en contra de un hombre identificado como M. P. C., por el delito de Desaparici\u00f3n Forzada Cometida por Particulares, en agravio de A. L. R. C. (mujer), hechos cometidos en la regi\u00f3n de los Valles Centrales.<\/p>\n<p style=\"font-weight: 400; text-align: justify;\">De acuerdo con las investigaciones encabezadas por Vicefiscal\u00eda General de Atenci\u00f3n a V\u00edctimas y a la Sociedad, a trav\u00e9s de la Unidad Especializada en Desaparici\u00f3n Forzada, los hechos ocurrieron el 26 de marzo de 2020.<\/p>\n<p style=\"font-weight: 400; text-align: justify;\">En la fecha antes citada, la v\u00edctima fue privada de la libertad cuando se encontraba a orillas del r\u00edo Atoyac, en el paraje Yavego, en inmediaciones del Puente de Fierro de Zimatl\u00e1n de \u00c1lvarez, momento desde el que se desconoce su paradero.<\/p>\n<p style=\"font-weight: 400; text-align: justify;\">Derivado de las indagatorias, se obtuvo una orden de aprehensi\u00f3n por el caso y se ejecut\u00f3, logrando la detenci\u00f3n de M. P. C., quien ser\u00e1 presentado antes las autoridades que lo requirieron para que se determine su situaci\u00f3n jur\u00eddica.<\/p>\n<p style=\"font-weight: 400; text-align: justify;\">La Fiscal\u00eda de Oaxaca da resultados tangibles, como consecuencia de las labores realizadas por un equipo especializado que trabaja en estricto apego a lo establecido en la ley.<\/p>\n","protected":false},"author":1,"featured_media":3175,"comment_status":"closed","ping_status":"closed","template":"","tags":[],"categoria_noticias":[],"class_list":["post-15701","noticias","type-noticias","status-publish","has-post-thumbnail","hentry"],"acf":[],"mb":[],"mfb_rest_fields":["title","gutenberg_elementor_mode"],"_links":{"self":[{"href":"https:\/\/portal.fgeo.gob.mx\/index.php\/wp-json\/wp\/v2\/noticias\/15701","targetHints":{"allow":["GET"]}}],"collection":[{"href":"https:\/\/portal.fgeo.gob.mx\/index.php\/wp-json\/wp\/v2\/noticias"}],"about":[{"href":"https:\/\/portal.fgeo.gob.mx\/index.php\/wp-json\/wp\/v2\/types\/noticias"}],"author":[{"embeddable":true,"href":"https:\/\/portal.fgeo.gob.mx\/index.php\/wp-json\/wp\/v2\/users\/1"}],"replies":[{"embeddable":true,"href":"https:\/\/portal.fgeo.gob.mx\/index.php\/wp-json\/wp\/v2\/comments?post=15701"}],"wp:featuredmedia":[{"embeddable":true,"href":"https:\/\/portal.fgeo.gob.mx\/index.php\/wp-json\/"}],"wp:attachment":[{"href":"https:\/\/portal.fgeo.gob.mx\/index.php\/wp-json\/wp\/v2\/media?parent=15701"}],"wp:term":[{"taxonomy":"post_tag","embeddable":true,"href":"https:\/\/portal.fgeo.gob.mx\/index.php\/wp-json\/wp\/v2\/tags?post=15701"},{"taxonomy":"categoria_noticias","embeddable":true,"href":"https:\/\/portal.fgeo.gob.mx\/index.php\/wp-json\/wp\/v2\/categoria_noticias?post=15701"}],"curies":[{"name":"wp","href":"https:\/\/api.w.org\/{rel}","templated":true}]}}