{"id":15700,"date":"2023-06-23T16:05:13","date_gmt":"2023-06-23T22:05:13","guid":{"rendered":"http:\/\/fge.oaxaca.gob.mx\/?post_type=noticias&amp;p=5118"},"modified":"2023-06-23T16:05:13","modified_gmt":"2023-06-23T22:05:13","slug":"por-delito-de-tentativa-de-feminicidio-cometido-en-la-costa-ejecuta-fgeo-orden-de-aprehension-contra-el-culeco","status":"publish","type":"noticias","link":"https:\/\/portal.fgeo.gob.mx\/index.php\/archivos\/noticias\/por-delito-de-tentativa-de-feminicidio-cometido-en-la-costa-ejecuta-fgeo-orden-de-aprehension-contra-el-culeco","title":{"rendered":"Por delito de tentativa de feminicidio cometido en la Costa, ejecuta FGEO orden de aprehensi\u00f3n contra \u201cEl Culeco\u201d"},"content":{"rendered":"<p style=\"font-weight: 400; text-align: justify;\"><strong>Oaxaca de Ju\u00e1rez, Oax., a 23 de junio de 2023.- \u00a0<\/strong>La Fiscal\u00eda General del Estado de Oaxaca (FGEO) ejecut\u00f3 una orden de aprehensi\u00f3n en contra de D. O. L., alias \u201cEl Culeco\u201d, por el delito de Feminicidio en grado de Tentativa, cometido en la regi\u00f3n de la Costa.<\/p>\n<p style=\"font-weight: 400; text-align: justify;\">Un equipo especializado en investigaciones con perspectiva de g\u00e9nero intervino al tener conocimiento de los hechos que ocurrieron el 3 de enero de 2023, al interior de un hostal ubicado en la agencia municipal de Mazunte, localidad perteneciente al municipio de Santa Mar\u00eda Tonameca.<\/p>\n<p style=\"font-weight: 400; text-align: justify;\">En el lugar, la v\u00edctima, identificada como M.N.R. sufri\u00f3 una agresi\u00f3n con un arma punzo-cortante, derivado de las cuales present\u00f3 lesiones, siendo auxiliada por una tercera persona, mientras el agresor se march\u00f3 del lugar.<\/p>\n<p style=\"font-weight: 400; text-align: justify;\">Luego de interponer la denuncia correspondiente, la Fiscal\u00eda Especializada para la Atenci\u00f3n a Delitos contra la Mujer por Raz\u00f3n de G\u00e9nero realiz\u00f3 las investigaciones por las cuales obtuvo la orden de aprehensi\u00f3n, misma que fue ejecutada por elementos de la Agencia Estatal de Investigaciones.<\/p>\n<p style=\"font-weight: 400; text-align: justify;\">Tras la detenci\u00f3n de D. O. L., alias \u201cEl Culeco\u201d, la Fiscal\u00eda lo pondr\u00e1 a disposici\u00f3n de las autoridades correspondientes para determinar su situaci\u00f3n jur\u00eddica en las pr\u00f3ximas horas.<\/p>\n<p style=\"font-weight: 400; text-align: justify;\">Ante este tipo de delitos, la FGEO efect\u00faa investigaciones con perspectiva de g\u00e9nero para garantizar los derechos de las v\u00edctimas, para que la procuraci\u00f3n de justicia tome en cuenta las particularidades del caso.<\/p>\n","protected":false},"author":1,"featured_media":3175,"comment_status":"closed","ping_status":"closed","template":"","tags":[],"categoria_noticias":[],"class_list":["post-15700","noticias","type-noticias","status-publish","has-post-thumbnail","hentry"],"acf":[],"mb":[],"mfb_rest_fields":["title","gutenberg_elementor_mode"],"_links":{"self":[{"href":"https:\/\/portal.fgeo.gob.mx\/index.php\/wp-json\/wp\/v2\/noticias\/15700","targetHints":{"allow":["GET"]}}],"collection":[{"href":"https:\/\/portal.fgeo.gob.mx\/index.php\/wp-json\/wp\/v2\/noticias"}],"about":[{"href":"https:\/\/portal.fgeo.gob.mx\/index.php\/wp-json\/wp\/v2\/types\/noticias"}],"author":[{"embeddable":true,"href":"https:\/\/portal.fgeo.gob.mx\/index.php\/wp-json\/wp\/v2\/users\/1"}],"replies":[{"embeddable":true,"href":"https:\/\/portal.fgeo.gob.mx\/index.php\/wp-json\/wp\/v2\/comments?post=15700"}],"wp:featuredmedia":[{"embeddable":true,"href":"https:\/\/portal.fgeo.gob.mx\/index.php\/wp-json\/"}],"wp:attachment":[{"href":"https:\/\/portal.fgeo.gob.mx\/index.php\/wp-json\/wp\/v2\/media?parent=15700"}],"wp:term":[{"taxonomy":"post_tag","embeddable":true,"href":"https:\/\/portal.fgeo.gob.mx\/index.php\/wp-json\/wp\/v2\/tags?post=15700"},{"taxonomy":"categoria_noticias","embeddable":true,"href":"https:\/\/portal.fgeo.gob.mx\/index.php\/wp-json\/wp\/v2\/categoria_noticias?post=15700"}],"curies":[{"name":"wp","href":"https:\/\/api.w.org\/{rel}","templated":true}]}}