{"id":15699,"date":"2023-06-23T12:37:55","date_gmt":"2023-06-23T18:37:55","guid":{"rendered":"http:\/\/fge.oaxaca.gob.mx\/?post_type=noticias&amp;p=5117"},"modified":"2023-06-23T12:37:55","modified_gmt":"2023-06-23T18:37:55","slug":"queda-en-prision-preventiva-y-vinculado-a-proceso-por-tentativa-de-feminicidio-cometida-en-el-istmo-fiscalia-de-oaxaca","status":"publish","type":"noticias","link":"https:\/\/portal.fgeo.gob.mx\/index.php\/archivos\/noticias\/queda-en-prision-preventiva-y-vinculado-a-proceso-por-tentativa-de-feminicidio-cometida-en-el-istmo-fiscalia-de-oaxaca","title":{"rendered":"Queda en prisi\u00f3n preventiva y vinculado a proceso por tentativa de feminicidio cometida en el Istmo: Fiscal\u00eda de Oaxaca"},"content":{"rendered":"<p style=\"font-weight: 400; text-align: justify;\"><strong>Oaxaca de Ju\u00e1rez, Oax., a 23 de junio de 2023.-\u00a0<\/strong>La Fiscal\u00eda General del Estado de Oaxaca (FGEO) obtuvo auto de vinculaci\u00f3n a proceso y prisi\u00f3n preventiva en contra de una persona del sexo masculino identificada como G. J. M. R., por los delitos de Tentativa de Feminicidio y Da\u00f1os, cometidos en agravio de su madre, en la regi\u00f3n del Istmo de Tehuantepec.<\/p>\n<p style=\"font-weight: 400; text-align: justify;\">En el expediente penal quedaron asentados los hechos, que refieren que el 11 de junio de 2023, la v\u00edctima, una mujer identificada como C. M. R., estaba en su vivienda cuando sufri\u00f3 un ataque cometido con un arma corto-contundente, adem\u00e1s que el agresor le prendi\u00f3 fuego a su vivienda.<\/p>\n<p style=\"font-weight: 400; text-align: justify;\">La situaci\u00f3n ocurri\u00f3 en un domicilio particular ubicado en la Colonia Jardines, en el municipio de Chahuites, donde los vecinos intervinieron al escuchar la agresi\u00f3n, por lo que el responsable se alej\u00f3 del lugar.<\/p>\n<p style=\"font-weight: 400; text-align: justify;\">Al tener conocimiento del caso, la Fiscal\u00eda de Oaxaca inici\u00f3 las investigaciones correspondientes a trav\u00e9s de la Vicefiscal\u00eda Regional del Istmo, que realiz\u00f3 labores con estricto apego a la perspectiva de g\u00e9nero, lo cual permiti\u00f3 reunir las pruebas suficientes para obtener la orden de aprehensi\u00f3n que se ejecut\u00f3 en contra del imputado.<\/p>\n<p style=\"font-weight: 400; text-align: justify;\">Derivado de los resultados de las indagatorias, G. J. M. R. qued\u00f3 a disposici\u00f3n del Juez que atiende la causa, quien dict\u00f3 auto de vinculaci\u00f3n a proceso en su contra por los delitos de Tentativa de Feminicidio y Da\u00f1os, adem\u00e1s que impuso prisi\u00f3n preventiva y otorg\u00f3 dos meses para el cierre de la investigaci\u00f3n.<\/p>\n<p style=\"font-weight: 400; text-align: justify;\">En la comisi\u00f3n de este tipo de delitos, la FGEO aplica el Protocolo de Actuaci\u00f3n Ministerial, Pericial y Policial en el Delito de Feminicidio para el Estado de Oaxaca, para brindar acompa\u00f1amiento integral a la v\u00edctima.<\/p>\n","protected":false},"author":1,"featured_media":3175,"comment_status":"closed","ping_status":"closed","template":"","tags":[],"categoria_noticias":[],"class_list":["post-15699","noticias","type-noticias","status-publish","has-post-thumbnail","hentry"],"acf":[],"mb":[],"mfb_rest_fields":["title","gutenberg_elementor_mode"],"_links":{"self":[{"href":"https:\/\/portal.fgeo.gob.mx\/index.php\/wp-json\/wp\/v2\/noticias\/15699","targetHints":{"allow":["GET"]}}],"collection":[{"href":"https:\/\/portal.fgeo.gob.mx\/index.php\/wp-json\/wp\/v2\/noticias"}],"about":[{"href":"https:\/\/portal.fgeo.gob.mx\/index.php\/wp-json\/wp\/v2\/types\/noticias"}],"author":[{"embeddable":true,"href":"https:\/\/portal.fgeo.gob.mx\/index.php\/wp-json\/wp\/v2\/users\/1"}],"replies":[{"embeddable":true,"href":"https:\/\/portal.fgeo.gob.mx\/index.php\/wp-json\/wp\/v2\/comments?post=15699"}],"wp:featuredmedia":[{"embeddable":true,"href":"https:\/\/portal.fgeo.gob.mx\/index.php\/wp-json\/"}],"wp:attachment":[{"href":"https:\/\/portal.fgeo.gob.mx\/index.php\/wp-json\/wp\/v2\/media?parent=15699"}],"wp:term":[{"taxonomy":"post_tag","embeddable":true,"href":"https:\/\/portal.fgeo.gob.mx\/index.php\/wp-json\/wp\/v2\/tags?post=15699"},{"taxonomy":"categoria_noticias","embeddable":true,"href":"https:\/\/portal.fgeo.gob.mx\/index.php\/wp-json\/wp\/v2\/categoria_noticias?post=15699"}],"curies":[{"name":"wp","href":"https:\/\/api.w.org\/{rel}","templated":true}]}}