{"id":15698,"date":"2023-06-23T11:30:20","date_gmt":"2023-06-23T17:30:20","guid":{"rendered":"http:\/\/fge.oaxaca.gob.mx\/?post_type=noticias&amp;p=5116"},"modified":"2023-06-23T11:30:20","modified_gmt":"2023-06-23T17:30:20","slug":"ejecutafgeo-orden-de-aprehension-contra-extrabajador-del-registro-civil","status":"publish","type":"noticias","link":"https:\/\/portal.fgeo.gob.mx\/index.php\/archivos\/noticias\/ejecutafgeo-orden-de-aprehension-contra-extrabajador-del-registro-civil","title":{"rendered":"EjecutaFGEO orden de aprehensi\u00f3n contra extrabajador del Registro Civil"},"content":{"rendered":"<p style=\"font-weight: 400; text-align: justify;\"><strong>Oaxaca de Ju\u00e1rez, Oax., a 23 de junio de 2023.-\u00a0<\/strong>Derivado de las investigaciones efectuadas por la Fiscal\u00eda General del Estado de Oaxaca (FGEO), la Agencia Estatal de Investigaciones ejecut\u00f3 hoy una orden de aprehensi\u00f3n contra de U.G.B, por los delitos de falsificaci\u00f3n de documentos, ejercicio il\u00edcito del servicio p\u00fabico y violaci\u00f3n de otras garant\u00edas<\/p>\n<p style=\"font-weight: 400; text-align: justify;\">De acuerdo a la causa penal, en julio de 2019, el imputado &#8211;quien en ese momento se desempe\u00f1aba como trabajador del Registro Civil&#8211;, presuntamente llev\u00f3 a cabo modificaciones al acta de nacimiento de las v\u00edctimas identificadas como H.G.C.M., C.G.C.M., A.G.C.M., motivo por el cual las personas afectadas iniciaron una denuncia penal.<\/p>\n<p style=\"font-weight: 400; text-align: justify;\">Ante ello, la FGEO tom\u00f3 conocimiento del caso e inici\u00f3 las investigaciones correspondientes, llevando ante el juez las pruebas suficientes que permitieron obtener la orden de aprehensi\u00f3n, misma que fue ejecutada este viernes.<\/p>\n<p style=\"font-weight: 400; text-align: justify;\">El combate a la corrupci\u00f3n en los diversos \u00e1mbitos sociales es uno de los ejes rectores del proyecto de procuraci\u00f3n de justicia de la Fiscal\u00eda de Oaxaca, con el objetivo de resarcir el da\u00f1o a las personas v\u00edctimas directas e indirectas.<\/p>\n","protected":false},"author":1,"featured_media":3175,"comment_status":"closed","ping_status":"closed","template":"","tags":[],"categoria_noticias":[],"class_list":["post-15698","noticias","type-noticias","status-publish","has-post-thumbnail","hentry"],"acf":[],"mb":[],"mfb_rest_fields":["title","gutenberg_elementor_mode"],"_links":{"self":[{"href":"https:\/\/portal.fgeo.gob.mx\/index.php\/wp-json\/wp\/v2\/noticias\/15698","targetHints":{"allow":["GET"]}}],"collection":[{"href":"https:\/\/portal.fgeo.gob.mx\/index.php\/wp-json\/wp\/v2\/noticias"}],"about":[{"href":"https:\/\/portal.fgeo.gob.mx\/index.php\/wp-json\/wp\/v2\/types\/noticias"}],"author":[{"embeddable":true,"href":"https:\/\/portal.fgeo.gob.mx\/index.php\/wp-json\/wp\/v2\/users\/1"}],"replies":[{"embeddable":true,"href":"https:\/\/portal.fgeo.gob.mx\/index.php\/wp-json\/wp\/v2\/comments?post=15698"}],"wp:featuredmedia":[{"embeddable":true,"href":"https:\/\/portal.fgeo.gob.mx\/index.php\/wp-json\/"}],"wp:attachment":[{"href":"https:\/\/portal.fgeo.gob.mx\/index.php\/wp-json\/wp\/v2\/media?parent=15698"}],"wp:term":[{"taxonomy":"post_tag","embeddable":true,"href":"https:\/\/portal.fgeo.gob.mx\/index.php\/wp-json\/wp\/v2\/tags?post=15698"},{"taxonomy":"categoria_noticias","embeddable":true,"href":"https:\/\/portal.fgeo.gob.mx\/index.php\/wp-json\/wp\/v2\/categoria_noticias?post=15698"}],"curies":[{"name":"wp","href":"https:\/\/api.w.org\/{rel}","templated":true}]}}