{"id":15697,"date":"2023-06-22T18:32:48","date_gmt":"2023-06-23T00:32:48","guid":{"rendered":"http:\/\/fge.oaxaca.gob.mx\/?post_type=noticias&amp;p=5115"},"modified":"2023-06-22T18:32:48","modified_gmt":"2023-06-23T00:32:48","slug":"fiscalia-de-oaxaca-detiene-en-puebla-a-imputado-por-homicidio-cometido-en-bar-el-jimmy","status":"publish","type":"noticias","link":"https:\/\/portal.fgeo.gob.mx\/index.php\/archivos\/noticias\/fiscalia-de-oaxaca-detiene-en-puebla-a-imputado-por-homicidio-cometido-en-bar-el-jimmy","title":{"rendered":"Fiscal\u00eda de Oaxaca detiene en Puebla a imputado por homicidio cometido en bar \u201cEl Jimmy\u201d"},"content":{"rendered":"<p style=\"font-weight: 400; text-align: justify;\"><strong>Oaxaca de Ju\u00e1rez, Oax., a 22 de junio de 2023.-\u00a0<\/strong>Como resultado de las investigaciones realizadas por la Fiscal\u00eda General del Estado de Oaxaca (FGEO) y derivado de un convenio de colaboraci\u00f3n con la Fiscal\u00eda General del Estado de Puebla, se logr\u00f3 ejecutar una orden de aprehensi\u00f3n en contra de E. E. O., por el delito de Homicidio Calificado, cometido en bar \u201cEl Jimmy\u201d, ubicado en la capital oaxaque\u00f1a.<\/p>\n<p style=\"font-weight: 400; text-align: justify;\">De acuerdo con el expediente penal del caso, los hechos sucedieron el 1 de marzo de 2023, cuando la v\u00edctima F. S. S. se encontraba en el exterior del bar localizado en la agencia municipal de Cinco Se\u00f1ores.<\/p>\n<p style=\"font-weight: 400; text-align: justify;\">En el sitio, la v\u00edctima se vio involucrada en un altercado durante el cual, fue agredida con un objeto punzo-cortante (cuchillo), sufriendo lesiones que finalmente terminaron con su vida.<\/p>\n<p style=\"font-weight: 400; text-align: justify;\">Ante los hechos, la FGEO intervino a trav\u00e9s de la Fiscal\u00eda Especializada para la Atenci\u00f3n a Delitos de Alto Impacto, por lo que un equipo especializado en este tipo de casos realiz\u00f3 las investigaciones que permitieron establecer que el imputado se encontraba en la capital del estado de Puebla.<\/p>\n<p style=\"font-weight: 400; text-align: justify;\">La Fiscal\u00eda de Oaxaca solicit\u00f3 la colaboraci\u00f3n de la Fiscal\u00eda de Puebla para realizar la detenci\u00f3n y ejecuci\u00f3n de la orden de aprehensi\u00f3n en contra de E. E. O., quien fue capturado en calles de la colonia Universidades de Puebla.<\/p>\n<p style=\"font-weight: 400; text-align: justify;\">Tras su detenci\u00f3n, el imputado fue trasladado por elementos de la Agencia Estatal de Investigaciones (AEI), a Oaxaca para ser puesto a disposici\u00f3n de las autoridades que lo requirieron, para que se defina su situaci\u00f3n jur\u00eddica en las pr\u00f3ximas horas.<\/p>\n<p style=\"font-weight: 400; text-align: justify;\">La Fiscal\u00eda de Oaxaca cuenta con personal especializado para la investigaci\u00f3n de delitos de alto impacto, que realizan trabajos rigurosos para que las v\u00edctimas directas e indirectas tengan acceso pleno a la justicia.<\/p>\n","protected":false},"author":1,"featured_media":3175,"comment_status":"closed","ping_status":"closed","template":"","tags":[],"categoria_noticias":[],"class_list":["post-15697","noticias","type-noticias","status-publish","has-post-thumbnail","hentry"],"acf":[],"mb":[],"mfb_rest_fields":["title","gutenberg_elementor_mode"],"_links":{"self":[{"href":"https:\/\/portal.fgeo.gob.mx\/index.php\/wp-json\/wp\/v2\/noticias\/15697","targetHints":{"allow":["GET"]}}],"collection":[{"href":"https:\/\/portal.fgeo.gob.mx\/index.php\/wp-json\/wp\/v2\/noticias"}],"about":[{"href":"https:\/\/portal.fgeo.gob.mx\/index.php\/wp-json\/wp\/v2\/types\/noticias"}],"author":[{"embeddable":true,"href":"https:\/\/portal.fgeo.gob.mx\/index.php\/wp-json\/wp\/v2\/users\/1"}],"replies":[{"embeddable":true,"href":"https:\/\/portal.fgeo.gob.mx\/index.php\/wp-json\/wp\/v2\/comments?post=15697"}],"wp:featuredmedia":[{"embeddable":true,"href":"https:\/\/portal.fgeo.gob.mx\/index.php\/wp-json\/"}],"wp:attachment":[{"href":"https:\/\/portal.fgeo.gob.mx\/index.php\/wp-json\/wp\/v2\/media?parent=15697"}],"wp:term":[{"taxonomy":"post_tag","embeddable":true,"href":"https:\/\/portal.fgeo.gob.mx\/index.php\/wp-json\/wp\/v2\/tags?post=15697"},{"taxonomy":"categoria_noticias","embeddable":true,"href":"https:\/\/portal.fgeo.gob.mx\/index.php\/wp-json\/wp\/v2\/categoria_noticias?post=15697"}],"curies":[{"name":"wp","href":"https:\/\/api.w.org\/{rel}","templated":true}]}}