{"id":15695,"date":"2023-06-21T16:14:37","date_gmt":"2023-06-21T22:14:37","guid":{"rendered":"http:\/\/fge.oaxaca.gob.mx\/?post_type=noticias&amp;p=5112"},"modified":"2023-06-21T16:14:37","modified_gmt":"2023-06-21T22:14:37","slug":"fiscalia-de-oaxaca-obtiene-vinculacion-a-proceso-y-prision-preventiva-contra-imputado-por-homicidio-cometido-en-san-juan-chapultepec","status":"publish","type":"noticias","link":"https:\/\/portal.fgeo.gob.mx\/index.php\/archivos\/noticias\/fiscalia-de-oaxaca-obtiene-vinculacion-a-proceso-y-prision-preventiva-contra-imputado-por-homicidio-cometido-en-san-juan-chapultepec","title":{"rendered":"Fiscal\u00eda de Oaxaca obtiene vinculaci\u00f3n a proceso y prisi\u00f3n preventiva contra imputado por homicidio cometido en San Juan Chapultepec"},"content":{"rendered":"<p style=\"font-weight: 400; text-align: justify;\"><strong>Oaxaca de Ju\u00e1rez, Oax., a 21 de junio de 2023.-\u00a0<\/strong>Como resultado del trabajo de la Fiscal\u00eda General del Estado de Oaxaca (FGEO), una persona del sexo masculino identificada como J. E. M. R. o E. M. R., qued\u00f3 vinculada a proceso y en prisi\u00f3n preventiva por el delito de Homicidio Calificado, cometido en la capital del estado.<\/p>\n<p style=\"font-weight: 400; text-align: justify;\">De acuerdo con el expediente del caso, los hechos sucedieron el 25 de agosto de 2022, en un domicilio particular localizado en la agencia municipal de San Juan Chapultepec, en la ciudad de Oaxaca de Ju\u00e1rez, donde la v\u00edctima sufri\u00f3 una agresi\u00f3n por disparo de arma de fuego, por la cual sufri\u00f3 severas lesiones por las que perdi\u00f3 la vida.<\/p>\n<p style=\"font-weight: 400; text-align: justify;\">La FGEO tom\u00f3 conocimiento del asunto y las investigaciones quedaron a cargo de la Fiscal\u00eda Especializada para la Atenci\u00f3n a Delitos de Alto Impacto, que despleg\u00f3 a su equipo multidisciplinario para efectuar las primeras diligencias.<\/p>\n<p style=\"font-weight: 400; text-align: justify;\">Derivado de los resultados de las investigaciones, se obtuvo la orden de aprehensi\u00f3n que permiti\u00f3 la detenci\u00f3n de J. E. M. R. o E. M. R., quien qued\u00f3 a disposici\u00f3n del Juez que atiende la causa, el cual dict\u00f3 auto de vinculaci\u00f3n a proceso en contra del imputado, adem\u00e1s que le impuso prisi\u00f3n preventiva justificada, asimismo otorg\u00f3 al Ministerio P\u00fablico mes y medio\u00a0 para el cierre de investigaci\u00f3n complementaria.<\/p>\n<p style=\"font-weight: 400; text-align: justify;\">Las investigaciones de delitos de alto impacto que realiza la Fiscal\u00eda de Oaxaca, se apoyan en procesos cient\u00edficos para tener certeza sobre los hechos, con el objetivo de llegar a la verdad para que las v\u00edctimas tengan pleno acceso a la justicia.<\/p>\n","protected":false},"author":1,"featured_media":3175,"comment_status":"closed","ping_status":"closed","template":"","tags":[],"categoria_noticias":[],"class_list":["post-15695","noticias","type-noticias","status-publish","has-post-thumbnail","hentry"],"acf":[],"mb":[],"mfb_rest_fields":["title","gutenberg_elementor_mode"],"_links":{"self":[{"href":"https:\/\/portal.fgeo.gob.mx\/index.php\/wp-json\/wp\/v2\/noticias\/15695","targetHints":{"allow":["GET"]}}],"collection":[{"href":"https:\/\/portal.fgeo.gob.mx\/index.php\/wp-json\/wp\/v2\/noticias"}],"about":[{"href":"https:\/\/portal.fgeo.gob.mx\/index.php\/wp-json\/wp\/v2\/types\/noticias"}],"author":[{"embeddable":true,"href":"https:\/\/portal.fgeo.gob.mx\/index.php\/wp-json\/wp\/v2\/users\/1"}],"replies":[{"embeddable":true,"href":"https:\/\/portal.fgeo.gob.mx\/index.php\/wp-json\/wp\/v2\/comments?post=15695"}],"wp:featuredmedia":[{"embeddable":true,"href":"https:\/\/portal.fgeo.gob.mx\/index.php\/wp-json\/"}],"wp:attachment":[{"href":"https:\/\/portal.fgeo.gob.mx\/index.php\/wp-json\/wp\/v2\/media?parent=15695"}],"wp:term":[{"taxonomy":"post_tag","embeddable":true,"href":"https:\/\/portal.fgeo.gob.mx\/index.php\/wp-json\/wp\/v2\/tags?post=15695"},{"taxonomy":"categoria_noticias","embeddable":true,"href":"https:\/\/portal.fgeo.gob.mx\/index.php\/wp-json\/wp\/v2\/categoria_noticias?post=15695"}],"curies":[{"name":"wp","href":"https:\/\/api.w.org\/{rel}","templated":true}]}}