{"id":15693,"date":"2023-06-20T17:40:29","date_gmt":"2023-06-20T23:40:29","guid":{"rendered":"http:\/\/fge.oaxaca.gob.mx\/?post_type=noticias&amp;p=5110"},"modified":"2023-06-20T17:40:29","modified_gmt":"2023-06-20T23:40:29","slug":"fortalecer-procuracion-de-justicia-objetivo-de-reingenieria-institucional-de-la-fiscalia-de-oaxaca-rodriguez-alamilla","status":"publish","type":"noticias","link":"https:\/\/portal.fgeo.gob.mx\/index.php\/archivos\/noticias\/fortalecer-procuracion-de-justicia-objetivo-de-reingenieria-institucional-de-la-fiscalia-de-oaxaca-rodriguez-alamilla","title":{"rendered":"Fortalecer procuraci\u00f3n de justicia, objetivo de reingenier\u00eda institucional de la Fiscal\u00eda de Oaxaca: Rodr\u00edguez Alamilla"},"content":{"rendered":"<p style=\"font-weight: 400; text-align: justify;\"><strong>Oaxaca de Ju\u00e1rez, Oax., a 20 de junio de 2023<\/strong>.- El Fiscal General del Estado de Oaxaca, Bernardo Rodr\u00edguez Alamilla afirm\u00f3 que las acciones de reingenier\u00eda y fortalecimiento institucional emprendidas en esta administraci\u00f3n tienen el objetivo de fortalecer la procuraci\u00f3n de justicia para las v\u00edctimas directas e indirectas de delitos.<\/p>\n<p style=\"font-weight: 400; text-align: justify;\">Ante ello, apunt\u00f3, se han puesto en marcha estrategias para robustecer la procuraci\u00f3n de justicia para las mujeres, de tal forma que se ha dotado de mayor operatividad -mediante la ampliaci\u00f3n de la plantilla laboral- a la Fiscal\u00eda Especializada para la Atenci\u00f3n a Delitos contra la Mujer por Raz\u00f3n de G\u00e9nero.<\/p>\n<p style=\"font-weight: 400; text-align: justify;\">Destac\u00f3 la prioridad en la atenci\u00f3n y resoluci\u00f3n de delitos cometidos contra las mujeres, por ello se cre\u00f3 la Fiscal\u00eda para la Atenci\u00f3n e Investigaci\u00f3n de Feminicidios, as\u00ed como la Unidad Operativa y Especializada para la Investigaci\u00f3n de Delitos cometidos contra Ni\u00f1as, Ni\u00f1os y Adolescentes, lo que ha permitido ejecutar al menos 23 \u00f3rdenes de aprehensi\u00f3n y la programaci\u00f3n de m\u00e1s de 120 audiencias, para garantizar mejores procesos de procuraci\u00f3n de justicia.<\/p>\n<p style=\"font-weight: 400; text-align: justify;\">Aunado a ello, apunt\u00f3, se han creado siete Unidades Operativas para abordar en forma especializada temas en: materia ind\u00edgena, delitos patrimoniales, delitos cibern\u00e9ticos o electr\u00f3nicos, atenci\u00f3n al turismo, asuntos civiles, contra la crueldad animal, ejecuci\u00f3n de penas y medidas judiciales.<\/p>\n<p style=\"font-weight: 400; text-align: justify;\">Resalt\u00f3 que, en atenci\u00f3n a la exigencia ciudadana de reducir los tiempos de atenci\u00f3n, se efectu\u00f3 un proceso de reorganizaci\u00f3n y especializaci\u00f3n de los ministerios p\u00fablicos en materia de orientaci\u00f3n, investigaci\u00f3n y litigaci\u00f3n.<\/p>\n<p style=\"font-weight: 400; text-align: justify;\">Adem\u00e1s, dijo, desde la Fiscal\u00eda General se han establecido alianzas estrat\u00e9gicas con diversos sectores, entre los cuales se encuentran 26 autoridades municipales que concentran los mayores \u00edndices delictivos del estado, esto con el objetivo de realizar acciones espec\u00edficas y conjuntas con la Secretar\u00eda de Seguridad y Protecci\u00f3n Ciudadana, para lograr una mejor procuraci\u00f3n de justicia y en materia de prevenci\u00f3n.<\/p>\n<p style=\"font-weight: 400; text-align: justify;\">El proceso emprendido en el organismo procurador de justicia, afirm\u00f3, ha colocado en el centro de las estrategias a las v\u00edctimas, para poder garantizar a las v\u00edctimas sus derechos a la justicia, la verdad, reparaci\u00f3n y garant\u00edas de no repetici\u00f3n.<\/p>\n","protected":false},"author":1,"featured_media":3175,"comment_status":"closed","ping_status":"closed","template":"","tags":[],"categoria_noticias":[],"class_list":["post-15693","noticias","type-noticias","status-publish","has-post-thumbnail","hentry"],"acf":[],"mb":[],"mfb_rest_fields":["title","gutenberg_elementor_mode"],"_links":{"self":[{"href":"https:\/\/portal.fgeo.gob.mx\/index.php\/wp-json\/wp\/v2\/noticias\/15693","targetHints":{"allow":["GET"]}}],"collection":[{"href":"https:\/\/portal.fgeo.gob.mx\/index.php\/wp-json\/wp\/v2\/noticias"}],"about":[{"href":"https:\/\/portal.fgeo.gob.mx\/index.php\/wp-json\/wp\/v2\/types\/noticias"}],"author":[{"embeddable":true,"href":"https:\/\/portal.fgeo.gob.mx\/index.php\/wp-json\/wp\/v2\/users\/1"}],"replies":[{"embeddable":true,"href":"https:\/\/portal.fgeo.gob.mx\/index.php\/wp-json\/wp\/v2\/comments?post=15693"}],"wp:featuredmedia":[{"embeddable":true,"href":"https:\/\/portal.fgeo.gob.mx\/index.php\/wp-json\/"}],"wp:attachment":[{"href":"https:\/\/portal.fgeo.gob.mx\/index.php\/wp-json\/wp\/v2\/media?parent=15693"}],"wp:term":[{"taxonomy":"post_tag","embeddable":true,"href":"https:\/\/portal.fgeo.gob.mx\/index.php\/wp-json\/wp\/v2\/tags?post=15693"},{"taxonomy":"categoria_noticias","embeddable":true,"href":"https:\/\/portal.fgeo.gob.mx\/index.php\/wp-json\/wp\/v2\/categoria_noticias?post=15693"}],"curies":[{"name":"wp","href":"https:\/\/api.w.org\/{rel}","templated":true}]}}