{"id":15692,"date":"2023-06-20T16:50:53","date_gmt":"2023-06-20T22:50:53","guid":{"rendered":"http:\/\/fge.oaxaca.gob.mx\/?post_type=noticias&amp;p=5109"},"modified":"2023-06-20T16:50:53","modified_gmt":"2023-06-20T22:50:53","slug":"quedan-en-prision-preventiva-dos-policias-municipales-de-la-canada-por-homicidio-de-adolescente-fiscalia-de-oaxaca","status":"publish","type":"noticias","link":"https:\/\/portal.fgeo.gob.mx\/index.php\/archivos\/noticias\/quedan-en-prision-preventiva-dos-policias-municipales-de-la-canada-por-homicidio-de-adolescente-fiscalia-de-oaxaca","title":{"rendered":"Quedan en prisi\u00f3n preventiva dos polic\u00edas municipales de la Ca\u00f1ada, por homicidio de adolescente: Fiscal\u00eda de Oaxaca"},"content":{"rendered":"<p style=\"font-weight: 400; text-align: justify;\"><strong>Oaxaca de Ju\u00e1rez, Oax., a 20 de junio de 2023.-\u00a0<\/strong>La Fiscal\u00eda General del Estado de Oaxaca (FGEO) obtuvo auto de vinculaci\u00f3n a proceso y prisi\u00f3n preventiva contra de I.C.S. y R.B.V., por el delito de Homicidio Calificado, cometido en agravio de un menor de edad, por hechos ocurridos en el Barrio Agua Iglesia, en el municipio Eloxochitl\u00e1n de Flores Mag\u00f3n, en la regi\u00f3n de la Ca\u00f1ada.<\/p>\n<p style=\"font-weight: 400; text-align: justify;\">De acuerdo con la causa penal, la v\u00edctima ten\u00eda 15 a\u00f1os de edad cuando fue privada de la vida el 30 de mayo de 2023. Los hechos sucedieron cuando se encontraba en el interior de un domicilio ubicado en el Barrio Agua Iglesia, cuando ingres\u00f3 un grupo de polic\u00edas municipales de Eloxochitl\u00e1n, para tratar de detener al padre de la v\u00edctima, a quien llevaron hacia un terreno contiguo.<\/p>\n<p style=\"font-weight: 400; text-align: justify;\">Al momento en que intentaban realizar la detenci\u00f3n, la v\u00edctima intervino para auxiliar a su padre, instante en que le dispararon, agresi\u00f3n por la que sufri\u00f3 lesiones que terminaron con su vida.<\/p>\n<p style=\"font-weight: 400; text-align: justify;\">Cuando la FGEO tuvo conocimiento de los hechos, el caso quedo a cargo de la Vicefiscal\u00eda General de Control Regional que inici\u00f3 las investigaciones y despleg\u00f3 un equipo multidisciplinario para el procesamiento de la escena del crimen, donde aseguraron indicios con el objetivo de robustecer con las indagatorias en torno a este homicidio.<\/p>\n<p style=\"font-weight: 400; text-align: justify;\">Derivado de las labores de la Fiscal\u00eda, se establecieron s\u00f3lidas l\u00edneas de investigaci\u00f3n derivadas de las cuales se libr\u00f3 la orden de aprehensi\u00f3n, misma que fue ejecutada en contra de I.C.S. y R. B.V., quienes fueron puestos a disposici\u00f3n del Juez de Control del Circuito Judicial de la Ca\u00f1ada, el cual dict\u00f3 auto de vinculaci\u00f3n a proceso por el delito de Homicidio Calificado con Ventaja y Lesiones Calificadas, a los imputados, a quienes impuso prisi\u00f3n preventiva oficiosa y otorg\u00f3 cinco meses para el cierre de la investigaci\u00f3n complementaria.<\/p>\n<p style=\"font-weight: 400; text-align: justify;\">El empleo de protocolos de investigaci\u00f3n y la aplicaci\u00f3n de t\u00e9cnicas cient\u00edficas en las investigaciones de cr\u00edmenes, permiten a la Fiscal\u00eda de Oaxaca tener certeza en los trabajos de procuraci\u00f3n de justicia en el estado.<\/p>\n","protected":false},"author":1,"featured_media":3175,"comment_status":"closed","ping_status":"closed","template":"","tags":[],"categoria_noticias":[],"class_list":["post-15692","noticias","type-noticias","status-publish","has-post-thumbnail","hentry"],"acf":[],"mb":[],"mfb_rest_fields":["title","gutenberg_elementor_mode"],"_links":{"self":[{"href":"https:\/\/portal.fgeo.gob.mx\/index.php\/wp-json\/wp\/v2\/noticias\/15692","targetHints":{"allow":["GET"]}}],"collection":[{"href":"https:\/\/portal.fgeo.gob.mx\/index.php\/wp-json\/wp\/v2\/noticias"}],"about":[{"href":"https:\/\/portal.fgeo.gob.mx\/index.php\/wp-json\/wp\/v2\/types\/noticias"}],"author":[{"embeddable":true,"href":"https:\/\/portal.fgeo.gob.mx\/index.php\/wp-json\/wp\/v2\/users\/1"}],"replies":[{"embeddable":true,"href":"https:\/\/portal.fgeo.gob.mx\/index.php\/wp-json\/wp\/v2\/comments?post=15692"}],"wp:featuredmedia":[{"embeddable":true,"href":"https:\/\/portal.fgeo.gob.mx\/index.php\/wp-json\/"}],"wp:attachment":[{"href":"https:\/\/portal.fgeo.gob.mx\/index.php\/wp-json\/wp\/v2\/media?parent=15692"}],"wp:term":[{"taxonomy":"post_tag","embeddable":true,"href":"https:\/\/portal.fgeo.gob.mx\/index.php\/wp-json\/wp\/v2\/tags?post=15692"},{"taxonomy":"categoria_noticias","embeddable":true,"href":"https:\/\/portal.fgeo.gob.mx\/index.php\/wp-json\/wp\/v2\/categoria_noticias?post=15692"}],"curies":[{"name":"wp","href":"https:\/\/api.w.org\/{rel}","templated":true}]}}