{"id":15690,"date":"2023-06-19T17:00:25","date_gmt":"2023-06-19T23:00:25","guid":{"rendered":"http:\/\/fge.oaxaca.gob.mx\/?post_type=noticias&amp;p=5107"},"modified":"2023-06-19T17:00:25","modified_gmt":"2023-06-19T23:00:25","slug":"fiscalia-de-oaxaca-obtiene-vinculacion-a-proceso-contra-dos-personas-por-robo-de-vehiculo-cometido-en-la-cuenca","status":"publish","type":"noticias","link":"https:\/\/portal.fgeo.gob.mx\/index.php\/archivos\/noticias\/fiscalia-de-oaxaca-obtiene-vinculacion-a-proceso-contra-dos-personas-por-robo-de-vehiculo-cometido-en-la-cuenca","title":{"rendered":"Fiscal\u00eda de Oaxaca obtiene vinculaci\u00f3n a proceso contra dos personas por robo de veh\u00edculo cometido en la Cuenca"},"content":{"rendered":"<p style=\"font-weight: 400; text-align: justify;\"><strong>Oaxaca de Ju\u00e1rez, Oax., a 19 de junio de 2023.-\u00a0<\/strong>La Fiscal\u00eda General del Estado de Oaxaca (FGEO) obtuvo auto de vinculaci\u00f3n a proceso en contra de dos personas del sexo masculino identificadas como J. C. G. y J. C. R., por el delito de Robo Espec\u00edfico por Equiparaci\u00f3n cometido en agravio de una empresa, en hechos ocurridos en la regi\u00f3n de la Sierra Norte.<\/p>\n<p style=\"font-weight: 400; text-align: justify;\">De acuerdo con la causa penal del caso, los imputados fueron detenidos por elementos de la Agencia Estatal de Investigaciones (AEI) sobre la carretera Oaxaca-Tuxtepec, en el tramo que pasa por el municipio de Ixtl\u00e1n de Ju\u00e1rez, por circular a bordo de un veh\u00edculo de motor reportado como robado en San Juan Bautista Tuxtepec.<\/p>\n<p style=\"font-weight: 400; text-align: justify;\">Ante los hechos, la Vicefiscal\u00eda General de Control Regional llev\u00f3 a audiencia de control de detenci\u00f3n a los imputados, los cuales quedaron a disposici\u00f3n del Juez de Control de la Sierra Norte, quien despu\u00e9s de escuchar los datos de prueba aportados por la Fiscal\u00eda, decidi\u00f3 vincularlos a proceso, por lo que impuso como medida cautelar la prisi\u00f3n preventiva justificada, adem\u00e1s que otorg\u00f3 dos meses como plazo para cierre de la investigaci\u00f3n<\/p>\n<p style=\"font-weight: 400; text-align: justify;\">Para la Fiscal\u00eda de Oaxaca, la denuncia oportuna permite iniciar investigaciones y acciones inmediatas para dar resultados tangibles a las v\u00edctimas.<\/p>\n","protected":false},"author":1,"featured_media":3175,"comment_status":"closed","ping_status":"closed","template":"","tags":[],"categoria_noticias":[],"class_list":["post-15690","noticias","type-noticias","status-publish","has-post-thumbnail","hentry"],"acf":[],"mb":[],"mfb_rest_fields":["title","gutenberg_elementor_mode"],"_links":{"self":[{"href":"https:\/\/portal.fgeo.gob.mx\/index.php\/wp-json\/wp\/v2\/noticias\/15690","targetHints":{"allow":["GET"]}}],"collection":[{"href":"https:\/\/portal.fgeo.gob.mx\/index.php\/wp-json\/wp\/v2\/noticias"}],"about":[{"href":"https:\/\/portal.fgeo.gob.mx\/index.php\/wp-json\/wp\/v2\/types\/noticias"}],"author":[{"embeddable":true,"href":"https:\/\/portal.fgeo.gob.mx\/index.php\/wp-json\/wp\/v2\/users\/1"}],"replies":[{"embeddable":true,"href":"https:\/\/portal.fgeo.gob.mx\/index.php\/wp-json\/wp\/v2\/comments?post=15690"}],"wp:featuredmedia":[{"embeddable":true,"href":"https:\/\/portal.fgeo.gob.mx\/index.php\/wp-json\/"}],"wp:attachment":[{"href":"https:\/\/portal.fgeo.gob.mx\/index.php\/wp-json\/wp\/v2\/media?parent=15690"}],"wp:term":[{"taxonomy":"post_tag","embeddable":true,"href":"https:\/\/portal.fgeo.gob.mx\/index.php\/wp-json\/wp\/v2\/tags?post=15690"},{"taxonomy":"categoria_noticias","embeddable":true,"href":"https:\/\/portal.fgeo.gob.mx\/index.php\/wp-json\/wp\/v2\/categoria_noticias?post=15690"}],"curies":[{"name":"wp","href":"https:\/\/api.w.org\/{rel}","templated":true}]}}