{"id":15688,"date":"2023-06-17T17:09:23","date_gmt":"2023-06-17T23:09:23","guid":{"rendered":"http:\/\/fge.oaxaca.gob.mx\/?post_type=noticias&amp;p=5105"},"modified":"2023-06-17T17:09:23","modified_gmt":"2023-06-17T23:09:23","slug":"obtiene-fgeo-fallo-condenatorio-contra-responsable-de-secuestro-agravado-contra-odontologo-cometido-en-la-capital-de-oaxaca","status":"publish","type":"noticias","link":"https:\/\/portal.fgeo.gob.mx\/index.php\/archivos\/noticias\/obtiene-fgeo-fallo-condenatorio-contra-responsable-de-secuestro-agravado-contra-odontologo-cometido-en-la-capital-de-oaxaca","title":{"rendered":"Obtiene FGEO fallo condenatorio contra responsable de secuestro agravado contra odont\u00f3logo, cometido en la capital de Oaxaca"},"content":{"rendered":"<p style=\"font-weight: 400; text-align: justify;\"><strong>Oaxaca de Ju\u00e1rez, Oax., a 17 de junio de 2023.-\u00a0\u00a0<\/strong>La Fiscal\u00eda General del Estado de Oaxaca (FGEO) obtuvo fallo condenatorio en contra de F. J. R. H., imputado por el delito de Secuestro Agravado, cometido en contra de un odont\u00f3logo, en la colonia centro de la ciudad de Oaxaca de Ju\u00e1rez.<\/p>\n<p style=\"font-weight: 400; text-align: justify;\">De acuerdo con lo asentado en el expediente penal del caso, los hechos sucedieron el 19 de diciembre de 2019, cuando F. J. R. H. y otra persona, ingresaron al lugar donde laboraba la v\u00edctima -identificada como E. D. C.-.<\/p>\n<p style=\"font-weight: 400; text-align: justify;\">En el sitio, los responsables se\u00f1alaron que secuestrar\u00edan a E. D. C., quien forceje\u00f3 con ellos, momento en que recibi\u00f3 un disparo que termin\u00f3 con su vida, mientras que las dos personas huyeron del lugar.<\/p>\n<p style=\"font-weight: 400; text-align: justify;\">Ante los hechos, la FGEO intervino a trav\u00e9s de la Fiscal\u00eda Especializada para la Atenci\u00f3n a Delitos de Alto Impacto que realiz\u00f3 las investigaciones correspondientes que permitieron ejecutar una orden de aprehensi\u00f3n contra el imputado.<\/p>\n<p style=\"font-weight: 400; text-align: justify;\">Al desahogar las pruebas, el Juez las evalu\u00f3 y dict\u00f3 fallo condenatorio en contra de F. J. R. H. como responsable del delito de Secuestro Agravado, adem\u00e1s que fij\u00f3 el 20 de junio del 2023, para la audiencia de individualizaci\u00f3n de sanciones y reparaci\u00f3n del da\u00f1o.<\/p>\n<p style=\"font-weight: 400; text-align: justify;\">La Fiscal\u00eda de Oaxaca cuenta con una Unidad Especializada en Combate al Secuestro, que est\u00e1 capacitada para la investigaci\u00f3n y resoluci\u00f3n ante la comisi\u00f3n de este tipo de delitos.<\/p>\n","protected":false},"author":1,"featured_media":3175,"comment_status":"closed","ping_status":"closed","template":"","tags":[],"categoria_noticias":[],"class_list":["post-15688","noticias","type-noticias","status-publish","has-post-thumbnail","hentry"],"acf":[],"mb":[],"mfb_rest_fields":["title","gutenberg_elementor_mode"],"_links":{"self":[{"href":"https:\/\/portal.fgeo.gob.mx\/index.php\/wp-json\/wp\/v2\/noticias\/15688","targetHints":{"allow":["GET"]}}],"collection":[{"href":"https:\/\/portal.fgeo.gob.mx\/index.php\/wp-json\/wp\/v2\/noticias"}],"about":[{"href":"https:\/\/portal.fgeo.gob.mx\/index.php\/wp-json\/wp\/v2\/types\/noticias"}],"author":[{"embeddable":true,"href":"https:\/\/portal.fgeo.gob.mx\/index.php\/wp-json\/wp\/v2\/users\/1"}],"replies":[{"embeddable":true,"href":"https:\/\/portal.fgeo.gob.mx\/index.php\/wp-json\/wp\/v2\/comments?post=15688"}],"wp:featuredmedia":[{"embeddable":true,"href":"https:\/\/portal.fgeo.gob.mx\/index.php\/wp-json\/"}],"wp:attachment":[{"href":"https:\/\/portal.fgeo.gob.mx\/index.php\/wp-json\/wp\/v2\/media?parent=15688"}],"wp:term":[{"taxonomy":"post_tag","embeddable":true,"href":"https:\/\/portal.fgeo.gob.mx\/index.php\/wp-json\/wp\/v2\/tags?post=15688"},{"taxonomy":"categoria_noticias","embeddable":true,"href":"https:\/\/portal.fgeo.gob.mx\/index.php\/wp-json\/wp\/v2\/categoria_noticias?post=15688"}],"curies":[{"name":"wp","href":"https:\/\/api.w.org\/{rel}","templated":true}]}}