{"id":15687,"date":"2023-06-17T14:50:11","date_gmt":"2023-06-17T20:50:11","guid":{"rendered":"http:\/\/fge.oaxaca.gob.mx\/?post_type=noticias&amp;p=5104"},"modified":"2023-06-17T14:50:11","modified_gmt":"2023-06-17T20:50:11","slug":"queda-vinculado-a-proceso-y-en-prision-preventiva-imputado-por-homicidio-cometido-en-la-costa-fiscalia-de-oaxaca","status":"publish","type":"noticias","link":"https:\/\/portal.fgeo.gob.mx\/index.php\/archivos\/noticias\/queda-vinculado-a-proceso-y-en-prision-preventiva-imputado-por-homicidio-cometido-en-la-costa-fiscalia-de-oaxaca","title":{"rendered":"Queda vinculado a proceso y en prisi\u00f3n preventiva, imputado por homicidio cometido en la Costa: Fiscal\u00eda de Oaxaca"},"content":{"rendered":"<p style=\"font-weight: 400; text-align: justify;\"><strong>Oaxaca de Ju\u00e1rez, Oax., a 17 de junio de 2023.-\u00a0<\/strong>Como resultado del trabajo de investigaci\u00f3n encabezado por la Fiscal\u00eda General del Estado de Oaxaca (FGEO), se logr\u00f3 la vinculaci\u00f3n a proceso y prisi\u00f3n preventiva en contra de una persona del sexo masculino identificada como C. D. H. H., imputado por el delito de Homicidio Calificado cometido en la regi\u00f3n de la Costa.<\/p>\n<p style=\"font-weight: 400; text-align: justify;\">De acuerdo con lo asentado en el expediente penal, los hechos sucedieron el 9 de enero del 2023, cuando un hombre identificado como E. L. N.- se encontraba en la parte trasera del centro de salud en el municipio de San Juan Cacahuatepec, lugar donde tambi\u00e9n se encontraba el atacante, quien agredi\u00f3 a la v\u00edctima con disparos de escopeta, lesiones que terminaron con su vida.<\/p>\n<p style=\"font-weight: 400; text-align: justify;\">Cuando la FGEO tuvo conocimiento de los hechos, el caso qued\u00f3 a cargo de la Vicefiscal\u00eda Regional de la Costa que inici\u00f3 las investigaciones a trav\u00e9s de la Fiscal\u00eda de Delitos de Alto Impacto, por lo que despleg\u00f3 a un equipo multidisciplinario que realiz\u00f3 las indagatorias en el lugar del crimen.<\/p>\n<p style=\"font-weight: 400; text-align: justify;\">Derivado de las investigaciones, se liber\u00f3 la orden de aprehensi\u00f3n que fue ejecutada en contra de C. D. H. H. quien fue detenido y puesto a disposici\u00f3n del Juez que lo requiri\u00f3; luego de evaluar las pruebas aportadas por la Fiscal\u00eda, se dict\u00f3 auto de vinculaci\u00f3n a proceso por el delito de Homicidio Calificado, adem\u00e1s que impuso prisi\u00f3n preventiva contra el imputado y otorg\u00f3 dos meses para el cierre de la investigaci\u00f3n.<\/p>\n<p style=\"font-weight: 400; text-align: justify;\">La intervenci\u00f3n inmediata y las investigaciones expeditas, permiten que la Fiscal\u00eda de Oaxaca entregue resultados tangibles en torno a la resoluci\u00f3n de casos de alto impacto.<\/p>\n","protected":false},"author":1,"featured_media":3175,"comment_status":"closed","ping_status":"closed","template":"","tags":[],"categoria_noticias":[],"class_list":["post-15687","noticias","type-noticias","status-publish","has-post-thumbnail","hentry"],"acf":[],"mb":[],"mfb_rest_fields":["title","gutenberg_elementor_mode"],"_links":{"self":[{"href":"https:\/\/portal.fgeo.gob.mx\/index.php\/wp-json\/wp\/v2\/noticias\/15687","targetHints":{"allow":["GET"]}}],"collection":[{"href":"https:\/\/portal.fgeo.gob.mx\/index.php\/wp-json\/wp\/v2\/noticias"}],"about":[{"href":"https:\/\/portal.fgeo.gob.mx\/index.php\/wp-json\/wp\/v2\/types\/noticias"}],"author":[{"embeddable":true,"href":"https:\/\/portal.fgeo.gob.mx\/index.php\/wp-json\/wp\/v2\/users\/1"}],"replies":[{"embeddable":true,"href":"https:\/\/portal.fgeo.gob.mx\/index.php\/wp-json\/wp\/v2\/comments?post=15687"}],"wp:featuredmedia":[{"embeddable":true,"href":"https:\/\/portal.fgeo.gob.mx\/index.php\/wp-json\/"}],"wp:attachment":[{"href":"https:\/\/portal.fgeo.gob.mx\/index.php\/wp-json\/wp\/v2\/media?parent=15687"}],"wp:term":[{"taxonomy":"post_tag","embeddable":true,"href":"https:\/\/portal.fgeo.gob.mx\/index.php\/wp-json\/wp\/v2\/tags?post=15687"},{"taxonomy":"categoria_noticias","embeddable":true,"href":"https:\/\/portal.fgeo.gob.mx\/index.php\/wp-json\/wp\/v2\/categoria_noticias?post=15687"}],"curies":[{"name":"wp","href":"https:\/\/api.w.org\/{rel}","templated":true}]}}