{"id":15685,"date":"2023-06-16T16:47:40","date_gmt":"2023-06-16T22:47:40","guid":{"rendered":"http:\/\/fge.oaxaca.gob.mx\/?post_type=noticias&amp;p=5102"},"modified":"2023-06-16T16:47:40","modified_gmt":"2023-06-16T22:47:40","slug":"fiscalia-de-oaxaca-obtiene-sentencia-de-70-anos-de-prision-contra-responsable-de-doble-homicidio-cometido-en-el-istmo","status":"publish","type":"noticias","link":"https:\/\/portal.fgeo.gob.mx\/index.php\/archivos\/noticias\/fiscalia-de-oaxaca-obtiene-sentencia-de-70-anos-de-prision-contra-responsable-de-doble-homicidio-cometido-en-el-istmo","title":{"rendered":"Fiscal\u00eda de Oaxaca obtiene sentencia de 70 a\u00f1os de prisi\u00f3n contra responsable de doble homicidio cometido en el Istmo"},"content":{"rendered":"<p style=\"text-align: justify;\"><strong>Oaxaca de Ju\u00e1rez, Oax., a 16 de junio de 2023.- \u00a0<\/strong>Como resultado del trabajo de investigaci\u00f3n, la Fiscal\u00eda General del Estado de Oaxaca (FGEO) obtuvo una sentencia condenatoria de 70 a\u00f1os de prisi\u00f3n contra una persona del sexo masculino identificada como F. J. J. J o F. J. J. S., responsable del homicidio de dos personas, cometido en la regi\u00f3n del Istmo de Tehuantepec.<\/p>\n<p style=\"text-align: justify;\">\n<p style=\"text-align: justify;\">De acuerdo con la causa penal, los hechos ocurrieron el 18 de octubre de 2021, cuando F. J. J. J o F. J. J. S., en compa\u00f1\u00eda de otras personas, lleg\u00f3 a un terreno localizado en la colonia 5 de Mayo del municipio de Juchit\u00e1n de Zaragoza, donde se encontraban las v\u00edctimas.<\/p>\n<p style=\"text-align: justify;\">\n<p style=\"text-align: justify;\">El grupo de agresores dispar\u00f3 contra J. L. R. L. y V. R. H., quienes sufrieron lesiones que les provocaron la muerte.<\/p>\n<p style=\"text-align: justify;\">\n<p style=\"text-align: justify;\">La Fiscal\u00eda tom\u00f3 conocimiento de los hechos a trav\u00e9s de la Vicefiscal\u00eda Regional del Istmo que realiz\u00f3 las investigaciones que derivaron en la detenci\u00f3n de F. J. J. J o F. J. J. S.<\/p>\n<p style=\"text-align: justify;\">\n<p style=\"text-align: justify;\">Tras desahogar las pruebas necesarias, el Juez que atiende la causa las evalu\u00f3 y dict\u00f3 sentencia condenatoria de 70 a\u00f1os de prisi\u00f3n en contra de F. J. J. J o F. J. J. S., por el delito de homicidio calificado con ventaja, adem\u00e1s que impuso el pago por m\u00e1s de 890 mil pesos por reparaci\u00f3n del da\u00f1o.<\/p>\n<p style=\"text-align: justify;\">\n<p style=\"text-align: justify;\">La Fiscal\u00eda de Oaxaca ofrece resultados tangibles en procuraci\u00f3n de justicia para las v\u00edctimas directas e indirectas de delitos de alto impacto que da\u00f1an a las familias y a la sociedad.<\/p>\n","protected":false},"author":1,"featured_media":3175,"comment_status":"closed","ping_status":"closed","template":"","tags":[],"categoria_noticias":[],"class_list":["post-15685","noticias","type-noticias","status-publish","has-post-thumbnail","hentry"],"acf":[],"mb":[],"mfb_rest_fields":["title","gutenberg_elementor_mode"],"_links":{"self":[{"href":"https:\/\/portal.fgeo.gob.mx\/index.php\/wp-json\/wp\/v2\/noticias\/15685","targetHints":{"allow":["GET"]}}],"collection":[{"href":"https:\/\/portal.fgeo.gob.mx\/index.php\/wp-json\/wp\/v2\/noticias"}],"about":[{"href":"https:\/\/portal.fgeo.gob.mx\/index.php\/wp-json\/wp\/v2\/types\/noticias"}],"author":[{"embeddable":true,"href":"https:\/\/portal.fgeo.gob.mx\/index.php\/wp-json\/wp\/v2\/users\/1"}],"replies":[{"embeddable":true,"href":"https:\/\/portal.fgeo.gob.mx\/index.php\/wp-json\/wp\/v2\/comments?post=15685"}],"wp:featuredmedia":[{"embeddable":true,"href":"https:\/\/portal.fgeo.gob.mx\/index.php\/wp-json\/"}],"wp:attachment":[{"href":"https:\/\/portal.fgeo.gob.mx\/index.php\/wp-json\/wp\/v2\/media?parent=15685"}],"wp:term":[{"taxonomy":"post_tag","embeddable":true,"href":"https:\/\/portal.fgeo.gob.mx\/index.php\/wp-json\/wp\/v2\/tags?post=15685"},{"taxonomy":"categoria_noticias","embeddable":true,"href":"https:\/\/portal.fgeo.gob.mx\/index.php\/wp-json\/wp\/v2\/categoria_noticias?post=15685"}],"curies":[{"name":"wp","href":"https:\/\/api.w.org\/{rel}","templated":true}]}}