{"id":15682,"date":"2023-06-15T17:00:18","date_gmt":"2023-06-15T23:00:18","guid":{"rendered":"http:\/\/fge.oaxaca.gob.mx\/?post_type=noticias&amp;p=5099"},"modified":"2023-06-15T17:00:18","modified_gmt":"2023-06-15T23:00:18","slug":"queda-vinculado-a-proceso-y-en-prision-preventiva-imputado-por-pederastia-fiscalia-de-oaxaca","status":"publish","type":"noticias","link":"https:\/\/portal.fgeo.gob.mx\/index.php\/archivos\/noticias\/queda-vinculado-a-proceso-y-en-prision-preventiva-imputado-por-pederastia-fiscalia-de-oaxaca","title":{"rendered":"Queda vinculado a proceso y en prisi\u00f3n preventiva, imputado por pederastia, Fiscal\u00eda de Oaxaca"},"content":{"rendered":"<p style=\"text-align: justify;\"><strong>Oaxaca de Ju\u00e1rez, Oax., a 15 de junio de 2023.-\u00a0<\/strong>La Fiscal\u00eda General del Estado de Oaxaca (FGEO) obtuvo auto de vinculaci\u00f3n a proceso en contra de un hombre identificado como G. V. C., por el delito de Pederastia cometido en la regi\u00f3n de Valles Centrales.<\/p>\n<p style=\"text-align: justify;\">\n<p style=\"text-align: justify;\">De acuerdo con el expediente penal, los hechos ocurrieron en dos lugares diferentes el 29 de abril de 2023.<\/p>\n<p style=\"text-align: justify;\">\n<p style=\"text-align: justify;\">La primera agresi\u00f3n sexual en agravio de una ni\u00f1a sucedi\u00f3 en el municipio de Santa Cruz Amilpas, mientras que la segunda ocasi\u00f3n ocurri\u00f3 en un domicilio particular del municipio de San Antonio de la Cal, ambos dentro de la Zona Metropolitana de Oaxaca.<\/p>\n<p style=\"text-align: justify;\">\n<p style=\"text-align: justify;\">La familia de la v\u00edctima acudi\u00f3 ante la FGEO para denunciar el caso, por lo que se iniciaron las investigaciones al respecto, que permitieron la obtenci\u00f3n de la orden de aprehensi\u00f3n en contra de G. V. C. quien fue detenido por elementos de la Agencia Estatal de Investigaciones (AEI).<\/p>\n<p style=\"text-align: justify;\">\n<p style=\"text-align: justify;\">El imputado fue presentado ante el Juez que atiende la causa, quien luego de evaluar las pruebas aportadas por la investigaci\u00f3n de la Fiscal\u00eda Especializada para la Atenci\u00f3n a Delitos contra la Mujer por Raz\u00f3n de G\u00e9nero, determin\u00f3 vincularlo a proceso, adem\u00e1s que impuso prisi\u00f3n preventiva y otorg\u00f3 dos meces para el cierre de la investigaci\u00f3n complementaria.<\/p>\n<p style=\"text-align: justify;\">\n<p style=\"text-align: justify;\">Garantizar que se respeten los derechos fundamentales de ni\u00f1as, ni\u00f1os y adolescentes, as\u00ed como que se desarrollen en una vida libre de violencia, es parte de las labores inscritas en los procesos de procuraci\u00f3n de justicia que realiza la Fiscal\u00eda de Oaxaca a favor de las v\u00edctimas.<\/p>\n","protected":false},"author":1,"featured_media":3175,"comment_status":"closed","ping_status":"closed","template":"","tags":[],"categoria_noticias":[],"class_list":["post-15682","noticias","type-noticias","status-publish","has-post-thumbnail","hentry"],"acf":[],"mb":[],"mfb_rest_fields":["title","gutenberg_elementor_mode"],"_links":{"self":[{"href":"https:\/\/portal.fgeo.gob.mx\/index.php\/wp-json\/wp\/v2\/noticias\/15682","targetHints":{"allow":["GET"]}}],"collection":[{"href":"https:\/\/portal.fgeo.gob.mx\/index.php\/wp-json\/wp\/v2\/noticias"}],"about":[{"href":"https:\/\/portal.fgeo.gob.mx\/index.php\/wp-json\/wp\/v2\/types\/noticias"}],"author":[{"embeddable":true,"href":"https:\/\/portal.fgeo.gob.mx\/index.php\/wp-json\/wp\/v2\/users\/1"}],"replies":[{"embeddable":true,"href":"https:\/\/portal.fgeo.gob.mx\/index.php\/wp-json\/wp\/v2\/comments?post=15682"}],"wp:featuredmedia":[{"embeddable":true,"href":"https:\/\/portal.fgeo.gob.mx\/index.php\/wp-json\/"}],"wp:attachment":[{"href":"https:\/\/portal.fgeo.gob.mx\/index.php\/wp-json\/wp\/v2\/media?parent=15682"}],"wp:term":[{"taxonomy":"post_tag","embeddable":true,"href":"https:\/\/portal.fgeo.gob.mx\/index.php\/wp-json\/wp\/v2\/tags?post=15682"},{"taxonomy":"categoria_noticias","embeddable":true,"href":"https:\/\/portal.fgeo.gob.mx\/index.php\/wp-json\/wp\/v2\/categoria_noticias?post=15682"}],"curies":[{"name":"wp","href":"https:\/\/api.w.org\/{rel}","templated":true}]}}