{"id":15680,"date":"2023-06-15T12:34:14","date_gmt":"2023-06-15T18:34:14","guid":{"rendered":"http:\/\/fge.oaxaca.gob.mx\/?post_type=noticias&amp;p=5097"},"modified":"2023-06-15T12:34:14","modified_gmt":"2023-06-15T18:34:14","slug":"ejecuta-fiscalia-de-oaxaca-orden-de-aprehension-por-feminicidio-cometido-en-ihuitlan-plumas-imputado-se-ocultaba-en-edomex","status":"publish","type":"noticias","link":"https:\/\/portal.fgeo.gob.mx\/index.php\/archivos\/noticias\/ejecuta-fiscalia-de-oaxaca-orden-de-aprehension-por-feminicidio-cometido-en-ihuitlan-plumas-imputado-se-ocultaba-en-edomex","title":{"rendered":"Ejecuta Fiscal\u00eda de Oaxaca orden de aprehensi\u00f3n por feminicidio cometido en Ihuitl\u00e1n Plumas; imputado se ocultaba en EdoMex"},"content":{"rendered":"<p style=\"text-align: justify;\"><strong>Oaxaca de Ju\u00e1rez, Oax., a 15 de junio de 2023.-\u00a0<\/strong>La Fiscal\u00eda General del Estado de Oaxaca (FGEO), en estrecha colaboraci\u00f3n con la Fiscal\u00eda General de Justicia del Estado de M\u00e9xico, ejecut\u00f3 una orden de aprehensi\u00f3n en contra de R. L. J., imputado por el delito de Feminicidio en agravio de L. M. S., hechos ocurridos en la regi\u00f3n de la Mixteca.<\/p>\n<p style=\"text-align: justify;\">\n<p style=\"text-align: justify;\">De acuerdo con el expediente penal, el pasado 6 de junio de 2023, la v\u00edctima se encontraba en su domicilio localizado en el municipio de Santiago Ihuitl\u00e1n Plumas, donde la mujer adulta mayor fue agredida f\u00edsicamente por el imputado hasta terminar con su vida, quien posteriormente le prendi\u00f3 fuego al cuerpo de L. M. S.<\/p>\n<p style=\"text-align: justify;\">\n<p style=\"text-align: justify;\">Al tener conocimiento de los hechos, la FGEO atrajo el caso e inici\u00f3 las investigaciones a trav\u00e9s de la Fiscal\u00eda Especializada para la Atenci\u00f3n de Delitos contra la Mujer por Raz\u00f3n de G\u00e9nero, trabajos que permitieron establecer que el imputado se refugiaba en el Estado de M\u00e9xico.<\/p>\n<p style=\"text-align: justify;\">\n<p style=\"text-align: justify;\">Ante los datos obtenidos, en colaboraci\u00f3n con la Fiscal\u00eda General de Justicia del Estado de M\u00e9xico se despleg\u00f3 un operativo en conjunto con elementos de la Fuerza Especial de Reacci\u00f3n e Intervenci\u00f3n (FERI), perteneciente a la FGEO, con lo que se logr\u00f3 la detenci\u00f3n de L. M. S.<\/p>\n<p style=\"text-align: justify;\">\n<p style=\"text-align: justify;\">Tras la ejecuci\u00f3n de la orden de aprehensi\u00f3n por el delito de Feminicidio, el imputado ser\u00e1 trasladado al estado de Oaxaca para ponerlo a disposici\u00f3n de las autoridades correspondientes para determinar su situaci\u00f3n jur\u00eddica.<\/p>\n<p style=\"text-align: justify;\">\n<p style=\"text-align: justify;\">La Fiscal\u00eda de Oaxaca investiga los delitos contra la mujer con un equipo especializado que realiza las labores con perspectiva de g\u00e9nero, lo cual permite ofrecer resultados tangibles para que las v\u00edctimas directas e indirectas tengan acceso pleno a la justicia.<\/p>\n","protected":false},"author":1,"featured_media":3175,"comment_status":"closed","ping_status":"closed","template":"","tags":[],"categoria_noticias":[],"class_list":["post-15680","noticias","type-noticias","status-publish","has-post-thumbnail","hentry"],"acf":[],"mb":[],"mfb_rest_fields":["title","gutenberg_elementor_mode"],"_links":{"self":[{"href":"https:\/\/portal.fgeo.gob.mx\/index.php\/wp-json\/wp\/v2\/noticias\/15680","targetHints":{"allow":["GET"]}}],"collection":[{"href":"https:\/\/portal.fgeo.gob.mx\/index.php\/wp-json\/wp\/v2\/noticias"}],"about":[{"href":"https:\/\/portal.fgeo.gob.mx\/index.php\/wp-json\/wp\/v2\/types\/noticias"}],"author":[{"embeddable":true,"href":"https:\/\/portal.fgeo.gob.mx\/index.php\/wp-json\/wp\/v2\/users\/1"}],"replies":[{"embeddable":true,"href":"https:\/\/portal.fgeo.gob.mx\/index.php\/wp-json\/wp\/v2\/comments?post=15680"}],"wp:featuredmedia":[{"embeddable":true,"href":"https:\/\/portal.fgeo.gob.mx\/index.php\/wp-json\/"}],"wp:attachment":[{"href":"https:\/\/portal.fgeo.gob.mx\/index.php\/wp-json\/wp\/v2\/media?parent=15680"}],"wp:term":[{"taxonomy":"post_tag","embeddable":true,"href":"https:\/\/portal.fgeo.gob.mx\/index.php\/wp-json\/wp\/v2\/tags?post=15680"},{"taxonomy":"categoria_noticias","embeddable":true,"href":"https:\/\/portal.fgeo.gob.mx\/index.php\/wp-json\/wp\/v2\/categoria_noticias?post=15680"}],"curies":[{"name":"wp","href":"https:\/\/api.w.org\/{rel}","templated":true}]}}