{"id":15676,"date":"2023-06-13T19:19:23","date_gmt":"2023-06-14T01:19:23","guid":{"rendered":"http:\/\/fge.oaxaca.gob.mx\/?post_type=noticias&amp;p=5091"},"modified":"2023-06-13T19:19:23","modified_gmt":"2023-06-14T01:19:23","slug":"entrega-de-vehiculos-a-instituciones-de-seguridad-y-procuracion-de-justicia-fortalece-y-dignifica-labor-policial-rodriguez-alamilla","status":"publish","type":"noticias","link":"https:\/\/portal.fgeo.gob.mx\/index.php\/archivos\/noticias\/entrega-de-vehiculos-a-instituciones-de-seguridad-y-procuracion-de-justicia-fortalece-y-dignifica-labor-policial-rodriguez-alamilla","title":{"rendered":"Entrega de veh\u00edculos a instituciones de seguridad y procuraci\u00f3n de justicia, fortalece y dignifica labor policial: Rodr\u00edguez Alamilla"},"content":{"rendered":"<p style=\"text-align: center;\"><img fetchpriority=\"high\" decoding=\"async\" class=\"aligncenter  wp-image-5092\" src=\"http:\/\/fge.oaxaca.gob.mx\/wp-content\/uploads\/2023\/06\/Entrega-de-veh\u00edculos-a-instituciones-de-seguridad-y-procuraci\u00f3n-de-justicia-fortalece-y-dignifica-labor-policial-Rodr\u00edguez-Alamilla-2.jpeg\" alt=\"\" width=\"687\" height=\"459\" \/><\/p>\n<p style=\"text-align: justify;\"><strong>Oaxaca de Ju\u00e1rez, Oax., a 13 de junio de 2023.-<\/strong>\u00a0Al participar en el acto protocolario de Fortalecimiento del Parque Vehicular del Sistema Estatal de Seguridad P\u00fablica, en el que se entregaron veh\u00edculos a instituciones de seguridad y procuraci\u00f3n de justicia, el Fiscal General de Oaxaca, Bernardo Rodr\u00edguez Alamilla reconoci\u00f3 las acciones emprendidas por el gobierno del estado que encabeza Salom\u00f3n Jara Cruz encaminadas a fortalecer la paz y dignificaci\u00f3n de la labor policial.<\/p>\n<p style=\"text-align: justify;\">Ante el mandatario estatal, as\u00ed como la titular del Secretariado Ejecutivo del Sistema Estatal de Seguridad P\u00fablica, Karina Bar\u00f3n Ortiz; los Secretarios General de Gobierno, as\u00ed como de Seguridad y Protecci\u00f3n Ciudadana, Jes\u00fas Romero L\u00f3pez e Iv\u00e1n Garc\u00eda \u00c1lvarez, respectivamente; resalt\u00f3 que la dotaci\u00f3n de insumos a las corporaciones policiales y de investigaci\u00f3n, permite el fortalecimiento de prevenci\u00f3n del delito.<\/p>\n<p style=\"text-align: justify;\">Acompa\u00f1ado por el presidente de la Junta de Coordinaci\u00f3n Pol\u00edtica de la LXV Legislatura, Luis Alfonso Silva Romo; la presidenta de la Mesa Directiva del H. Congreso del Estado de Oaxaca,<strong>\u00a0<\/strong>Miriam de los \u00c1ngeles V\u00e1zquez Ruiz; as\u00ed como servidoras y servidores p\u00fablicos federales y estatales, el Fiscal General resalt\u00f3 que, para responder a la genuina demanda de la ciudadan\u00eda en materia de seguridad, es necesario fortalecer las instituciones que se encargan de la procuraci\u00f3n de justicia y seguridad.<\/p>\n<p style=\"text-align: justify;\">Agreg\u00f3 que las acciones preventivas acompa\u00f1adas de una pol\u00edtica p\u00fablica interinstitucional permiten atender las causas estructurales del fen\u00f3meno delictivo y responder a los reclamos de justicia social, pero adem\u00e1s, si se acompa\u00f1an con acciones como la realizada este martes, con la dotaci\u00f3n de insumos a las corporaciones polic\u00edacas, tambi\u00e9n se dignifica su trabajo.<\/p>\n<p style=\"text-align: justify;\">Por su parte, el Gobernador del Estado de Oaxaca Salom\u00f3n Jara dijo que la entrega de veh\u00edculos fortalece las labores de vigilancia, contenci\u00f3n de los hechos violentos generados por la delincuencia, adem\u00e1s reconoci\u00f3 la labor de las y los polic\u00edas.<\/p>\n<p style=\"text-align: justify;\">Durante su participaci\u00f3n, la titular del Secretariado Ejecutivo del Sistema Estatal de Seguridad P\u00fablica, Karina Bar\u00f3n Ortiz expuso que con esta entrega de veh\u00edculos se alcanza una cifra hist\u00f3rica de unidades otorgadas a las corporaciones, pues en los \u00faltimos seis meses se han dotado de 212 veh\u00edculos.<\/p>\n<p style=\"text-align: justify;\">Mientras que, el Secretario de Seguridad y Protecci\u00f3n Ciudadana, Iv\u00e1n Garc\u00eda \u00c1lvarez refrend\u00f3 su compromiso para trabajar en garantizar la seguridad p\u00fablica, por ello, trabajan en acciones que ampl\u00eden las capacidades y que permitan a las corporaciones polic\u00edacas tener reacciones m\u00e1s r\u00e1pidas a las solicitudes de la ciudadan\u00eda.<\/p>\n","protected":false},"author":1,"featured_media":5092,"comment_status":"closed","ping_status":"closed","template":"","tags":[],"categoria_noticias":[],"class_list":["post-15676","noticias","type-noticias","status-publish","has-post-thumbnail","hentry"],"acf":[],"mb":[],"mfb_rest_fields":["title","gutenberg_elementor_mode"],"_links":{"self":[{"href":"https:\/\/portal.fgeo.gob.mx\/index.php\/wp-json\/wp\/v2\/noticias\/15676","targetHints":{"allow":["GET"]}}],"collection":[{"href":"https:\/\/portal.fgeo.gob.mx\/index.php\/wp-json\/wp\/v2\/noticias"}],"about":[{"href":"https:\/\/portal.fgeo.gob.mx\/index.php\/wp-json\/wp\/v2\/types\/noticias"}],"author":[{"embeddable":true,"href":"https:\/\/portal.fgeo.gob.mx\/index.php\/wp-json\/wp\/v2\/users\/1"}],"replies":[{"embeddable":true,"href":"https:\/\/portal.fgeo.gob.mx\/index.php\/wp-json\/wp\/v2\/comments?post=15676"}],"wp:featuredmedia":[{"embeddable":true,"href":"https:\/\/portal.fgeo.gob.mx\/index.php\/wp-json\/"}],"wp:attachment":[{"href":"https:\/\/portal.fgeo.gob.mx\/index.php\/wp-json\/wp\/v2\/media?parent=15676"}],"wp:term":[{"taxonomy":"post_tag","embeddable":true,"href":"https:\/\/portal.fgeo.gob.mx\/index.php\/wp-json\/wp\/v2\/tags?post=15676"},{"taxonomy":"categoria_noticias","embeddable":true,"href":"https:\/\/portal.fgeo.gob.mx\/index.php\/wp-json\/wp\/v2\/categoria_noticias?post=15676"}],"curies":[{"name":"wp","href":"https:\/\/api.w.org\/{rel}","templated":true}]}}