{"id":15674,"date":"2023-06-11T15:00:00","date_gmt":"2023-06-11T21:00:00","guid":{"rendered":"http:\/\/fge.oaxaca.gob.mx\/?post_type=noticias&amp;p=5086"},"modified":"2023-06-11T15:00:00","modified_gmt":"2023-06-11T21:00:00","slug":"establece-fiscalia-de-oaxaca-alianzas-estrategicas-con-iniciativa-privada-firma-rodriguez-alamilla-convenio-con-cadena-oxxo","status":"publish","type":"noticias","link":"https:\/\/portal.fgeo.gob.mx\/index.php\/archivos\/noticias\/establece-fiscalia-de-oaxaca-alianzas-estrategicas-con-iniciativa-privada-firma-rodriguez-alamilla-convenio-con-cadena-oxxo","title":{"rendered":"Establece Fiscal\u00eda de Oaxaca alianzas estrat\u00e9gicas con Iniciativa Privada; firma Rodr\u00edguez Alamilla convenio con Cadena Oxxo"},"content":{"rendered":"<p style=\"text-align: justify;\"><strong>Oaxaca de Ju\u00e1rez, Oax., a 11 de junio de 2023.-\u00a0<\/strong>El Fiscal General de Oaxaca, Bernardo Rodr\u00edguez Alamilla y el Gerente Regional Zona Sur de la Cadena Comercial OXXO V\u00edctor Manuel Izquierdo Orosio, establecieron un convenio de colaboraci\u00f3n, como parte de las alianzas estrat\u00e9gicas que ha emprendido la FGEO con la Iniciativa Privada (IP).<\/p>\n<p style=\"text-align: justify;\">\n<p style=\"text-align: justify;\">Al respecto, el titular de la Fiscal\u00eda General del Estado resalt\u00f3 la importancia de establecer sinergias con la IP, para generar una colaboraci\u00f3n que permita acercar los servicios que brinda el organismo no solo en materia de procuraci\u00f3n de justicia, sino que tambi\u00e9n coadyuve en materia de prevenci\u00f3n, pues este mecanismo puede contribuir a generar un entorno seguro a las empresas, las cuales son detonadoras de desarrollo y crecimiento en la entidad.<\/p>\n<p style=\"text-align: justify;\">\n<p style=\"text-align: justify;\">Apunt\u00f3 que este tipo de colaboraciones surgen como parte de la estrategia de reconfiguraci\u00f3n institucional, para lograr generar cercan\u00eda con los diferentes sectores, pues es necesario que la instituci\u00f3n renueve las formas y m\u00e9todos de abordaje del fen\u00f3meno delictivo y se atiendan desde diferentes aristas que permitan dar resultados eficaces en la materia.<\/p>\n<p style=\"text-align: justify;\">\n<p style=\"text-align: justify;\">Por ello, resalt\u00f3, lograr tener un intercambio de informaci\u00f3n eficiente con la Cadena Comercial OXXO es una puerta de oportunidad para la Fiscal\u00eda General del Estado, ya que la importante presencia que tiene en la entidad y en el pa\u00eds puede coadyuvar a los procesos de investigaci\u00f3n e incluso en materia de prevenci\u00f3n de los delitos.<\/p>\n<p style=\"text-align: justify;\">\n<p style=\"text-align: justify;\">Durante el acto protocolario estuvieron presentes V\u00edctor Hugo Qui\u00f1ones Cruz Gerente de Protecci\u00f3n Patrimonial Zona Centro Sur de la cadena comercial OXXO; Jes\u00fas Ren\u00e9 Aquino P\u00e9rez, Apoderado Legal de la misma cadena; Karina Acevedo Pe\u00f1a, Coordinadora Penal Zona Centro; Luis Ren\u00e9 S\u00e1nchez, Delegado de la Comisi\u00f3n Nacional de Inteligencia; Guadalupe Cruz Viloria, Subdelegada de la Comisi\u00f3n Nacional de Inteligencia y Gerardo Robles Lara, comisionado de la Polic\u00eda Estatal.<\/p>\n<p style=\"text-align: justify;\">\n<p style=\"text-align: justify;\">Al intervenir el Gerente Regional Zona Sur de la Cadena Comercial OXXO V\u00edctor Manuel Izquierdo Orosio dijo que esta alianza es el inicio de un proceso de colaboraci\u00f3n que espera poder contribuir en materia de seguridad y procuraci\u00f3n de justicia, pues estos son procesos que se construyen en colaboraci\u00f3n entre el gobierno, la ciudadan\u00eda y las empresas.<\/p>\n<p style=\"text-align: justify;\">\n<p style=\"text-align: justify;\">A\u00f1adi\u00f3 que por medio de este convenio la Cadena Comercial OXXO espera poder contribuir compartiendo informaci\u00f3n \u00fatil a las instituciones, pero adem\u00e1s poder impulsar acciones especialmente en materia de prevenci\u00f3n del delito que es una demanda social, por ello esperan colaborar con infraestructura y acciones preventivas en sus diferentes puntos de presencia de la entidad.<\/p>\n","protected":false},"author":1,"featured_media":3175,"comment_status":"closed","ping_status":"closed","template":"","tags":[],"categoria_noticias":[],"class_list":["post-15674","noticias","type-noticias","status-publish","has-post-thumbnail","hentry"],"acf":[],"mb":[],"mfb_rest_fields":["title","gutenberg_elementor_mode"],"_links":{"self":[{"href":"https:\/\/portal.fgeo.gob.mx\/index.php\/wp-json\/wp\/v2\/noticias\/15674","targetHints":{"allow":["GET"]}}],"collection":[{"href":"https:\/\/portal.fgeo.gob.mx\/index.php\/wp-json\/wp\/v2\/noticias"}],"about":[{"href":"https:\/\/portal.fgeo.gob.mx\/index.php\/wp-json\/wp\/v2\/types\/noticias"}],"author":[{"embeddable":true,"href":"https:\/\/portal.fgeo.gob.mx\/index.php\/wp-json\/wp\/v2\/users\/1"}],"replies":[{"embeddable":true,"href":"https:\/\/portal.fgeo.gob.mx\/index.php\/wp-json\/wp\/v2\/comments?post=15674"}],"wp:featuredmedia":[{"embeddable":true,"href":"https:\/\/portal.fgeo.gob.mx\/index.php\/wp-json\/"}],"wp:attachment":[{"href":"https:\/\/portal.fgeo.gob.mx\/index.php\/wp-json\/wp\/v2\/media?parent=15674"}],"wp:term":[{"taxonomy":"post_tag","embeddable":true,"href":"https:\/\/portal.fgeo.gob.mx\/index.php\/wp-json\/wp\/v2\/tags?post=15674"},{"taxonomy":"categoria_noticias","embeddable":true,"href":"https:\/\/portal.fgeo.gob.mx\/index.php\/wp-json\/wp\/v2\/categoria_noticias?post=15674"}],"curies":[{"name":"wp","href":"https:\/\/api.w.org\/{rel}","templated":true}]}}