{"id":15671,"date":"2023-06-10T15:16:02","date_gmt":"2023-06-10T21:16:02","guid":{"rendered":"http:\/\/fge.oaxaca.gob.mx\/?post_type=noticias&amp;p=5083"},"modified":"2023-06-10T15:16:02","modified_gmt":"2023-06-10T21:16:02","slug":"fiscalia-de-oaxaca-inicia-investigacion-tras-homicidio-de-una-persona-en-el-istmo-de-tehuantepec","status":"publish","type":"noticias","link":"https:\/\/portal.fgeo.gob.mx\/index.php\/archivos\/noticias\/fiscalia-de-oaxaca-inicia-investigacion-tras-homicidio-de-una-persona-en-el-istmo-de-tehuantepec","title":{"rendered":"Fiscal\u00eda de Oaxaca inicia investigaci\u00f3n tras homicidio de una persona en el Istmo de Tehuantepec"},"content":{"rendered":"<p style=\"text-align: justify;\"><strong>Oaxaca de Ju\u00e1rez, Oax., a 10 de junio de 2023.-<\/strong>\u00a0La Fiscal\u00eda General del Estado de Oaxaca (FGEO) inici\u00f3 los trabajos de investigaci\u00f3n correspondientes, luego del homicidio en agravio de una persona del sexo masculino identificada como M.M.C. L., quien fue v\u00edctima de una agresi\u00f3n armada en la regi\u00f3n del Istmo de Tehuantepec.<\/p>\n<p style=\"text-align: justify;\">\n<p style=\"text-align: justify;\">Los hechos ocurrieron la noche del 9 de junio de 2023, en calles del municipio de Santo Domingo Tehuantepec, donde la v\u00edctima fue atacada con armas de fuego, sufriendo lesiones que le provocaron la muerte.<\/p>\n<p style=\"text-align: justify;\">\n<p style=\"text-align: justify;\">Ante los hechos, intervino la Vicefiscal\u00eda Regional del Istmo que despleg\u00f3 a un equipo multidisciplinario para el procesamiento de la escena del crimen, adem\u00e1s que se logr\u00f3 establecer que la v\u00edctima fue identificada como M.M.C. L., quien era hijo del Fiscal en Jefe de Tehuantepec.<\/p>\n<p style=\"text-align: justify;\">\n<p style=\"text-align: justify;\">Ante delitos de alto impacto, la Fiscal\u00eda de Oaxaca realiza investigaciones especializadas y apoyadas en procesos cient\u00edficos en busca de la verdad en torno a este tipo de casos, para que las v\u00edctimas tengan pleno acceso a la justicia.<\/p>\n","protected":false},"author":1,"featured_media":3175,"comment_status":"closed","ping_status":"closed","template":"","tags":[],"categoria_noticias":[],"class_list":["post-15671","noticias","type-noticias","status-publish","has-post-thumbnail","hentry"],"acf":[],"mb":[],"mfb_rest_fields":["title","gutenberg_elementor_mode"],"_links":{"self":[{"href":"https:\/\/portal.fgeo.gob.mx\/index.php\/wp-json\/wp\/v2\/noticias\/15671","targetHints":{"allow":["GET"]}}],"collection":[{"href":"https:\/\/portal.fgeo.gob.mx\/index.php\/wp-json\/wp\/v2\/noticias"}],"about":[{"href":"https:\/\/portal.fgeo.gob.mx\/index.php\/wp-json\/wp\/v2\/types\/noticias"}],"author":[{"embeddable":true,"href":"https:\/\/portal.fgeo.gob.mx\/index.php\/wp-json\/wp\/v2\/users\/1"}],"replies":[{"embeddable":true,"href":"https:\/\/portal.fgeo.gob.mx\/index.php\/wp-json\/wp\/v2\/comments?post=15671"}],"wp:featuredmedia":[{"embeddable":true,"href":"https:\/\/portal.fgeo.gob.mx\/index.php\/wp-json\/"}],"wp:attachment":[{"href":"https:\/\/portal.fgeo.gob.mx\/index.php\/wp-json\/wp\/v2\/media?parent=15671"}],"wp:term":[{"taxonomy":"post_tag","embeddable":true,"href":"https:\/\/portal.fgeo.gob.mx\/index.php\/wp-json\/wp\/v2\/tags?post=15671"},{"taxonomy":"categoria_noticias","embeddable":true,"href":"https:\/\/portal.fgeo.gob.mx\/index.php\/wp-json\/wp\/v2\/categoria_noticias?post=15671"}],"curies":[{"name":"wp","href":"https:\/\/api.w.org\/{rel}","templated":true}]}}