{"id":15668,"date":"2023-06-09T17:14:34","date_gmt":"2023-06-09T23:14:34","guid":{"rendered":"http:\/\/fge.oaxaca.gob.mx\/?post_type=noticias&amp;p=5080"},"modified":"2023-06-09T17:14:34","modified_gmt":"2023-06-09T23:14:34","slug":"fiscalia-de-oaxaca-ejecuta-orden-de-aprehension-contra-policias-municipales-de-eloxochitlan-por-delito-de-homicidio-contra-adolescente","status":"publish","type":"noticias","link":"https:\/\/portal.fgeo.gob.mx\/index.php\/archivos\/noticias\/fiscalia-de-oaxaca-ejecuta-orden-de-aprehension-contra-policias-municipales-de-eloxochitlan-por-delito-de-homicidio-contra-adolescente","title":{"rendered":"Fiscal\u00eda de Oaxaca ejecuta orden de aprehensi\u00f3n contra polic\u00edas municipales de Eloxochitl\u00e1n por delito de homicidio contra adolescente"},"content":{"rendered":"<p style=\"text-align: justify;\"><strong>Oaxaca de Ju\u00e1rez, Oax., a 9 de junio de 2023.-\u00a0\u00a0<\/strong>La Fiscal\u00eda General del Estado de Oaxaca (FGEO) ejecut\u00f3 una orden de aprehensi\u00f3n en contra de dos hombres identificados como I. C. S. y R. B. V. por los delitos de Homicidio Calificado con Ventaja y Lesiones Calificadas, por hechos sucedidos en la regi\u00f3n de la Ca\u00f1ada.<\/p>\n<p style=\"text-align: justify;\">\n<p style=\"text-align: justify;\">De acuerdo con la causa penal, los sucesos ocurrieron el pasado 4 de junio de 2023 en el Barrio Agua Iglesia, perteneciente al municipio de Eloxochitl\u00e1n de Flores Mag\u00f3n, cuando polic\u00edas municipales llegaron a la casa donde se encontraban las v\u00edctimas, con la intenci\u00f3n de detener a una de ellas.<\/p>\n<p style=\"text-align: justify;\">\n<p style=\"text-align: justify;\">Los elementos ingresaron al domicilio particular, y al intentar llevarse a R. P. M., se interpuso G. P. M. (quien al momento del hecho era menor de edad e hijo de R.P.M), momento en que le dispararon sufriendo lesiones que terminaron con su vida.<\/p>\n<p style=\"text-align: justify;\">\n<p style=\"text-align: justify;\">La Fiscal\u00eda de Oaxaca intervino en el caso que qued\u00f3 a cargo de la Vicefiscal\u00eda General de Control Regional que realiz\u00f3 las investigaciones por las cuales se liber\u00f3 la orden de aprehensi\u00f3n que permiti\u00f3 que elementos de la Agencia Estatal de Investigaciones (AEI) detuvieran a I. C. S. y R. B. V.<\/p>\n<p style=\"text-align: justify;\">\n<p style=\"text-align: justify;\">Las dos personas detenidas ser\u00e1n puestas a disposici\u00f3n del Juez que los requiri\u00f3 para que determine su situaci\u00f3n jur\u00eddica en las pr\u00f3ximas horas.<\/p>\n<p style=\"text-align: justify;\">\n<p style=\"text-align: justify;\">Ante delitos de alto impacto, la Fiscal\u00eda de Oaxaca emplea a un equipo especializado en la materia para realizar las investigaciones correspondientes con el objetivo de entregar resultados tangibles a favor de las v\u00edctimas\u00a0y\u00a0la\u00a0sociedad.<\/p>\n","protected":false},"author":1,"featured_media":3175,"comment_status":"closed","ping_status":"closed","template":"","tags":[],"categoria_noticias":[],"class_list":["post-15668","noticias","type-noticias","status-publish","has-post-thumbnail","hentry"],"acf":[],"mb":[],"mfb_rest_fields":["title","gutenberg_elementor_mode"],"_links":{"self":[{"href":"https:\/\/portal.fgeo.gob.mx\/index.php\/wp-json\/wp\/v2\/noticias\/15668","targetHints":{"allow":["GET"]}}],"collection":[{"href":"https:\/\/portal.fgeo.gob.mx\/index.php\/wp-json\/wp\/v2\/noticias"}],"about":[{"href":"https:\/\/portal.fgeo.gob.mx\/index.php\/wp-json\/wp\/v2\/types\/noticias"}],"author":[{"embeddable":true,"href":"https:\/\/portal.fgeo.gob.mx\/index.php\/wp-json\/wp\/v2\/users\/1"}],"replies":[{"embeddable":true,"href":"https:\/\/portal.fgeo.gob.mx\/index.php\/wp-json\/wp\/v2\/comments?post=15668"}],"wp:featuredmedia":[{"embeddable":true,"href":"https:\/\/portal.fgeo.gob.mx\/index.php\/wp-json\/"}],"wp:attachment":[{"href":"https:\/\/portal.fgeo.gob.mx\/index.php\/wp-json\/wp\/v2\/media?parent=15668"}],"wp:term":[{"taxonomy":"post_tag","embeddable":true,"href":"https:\/\/portal.fgeo.gob.mx\/index.php\/wp-json\/wp\/v2\/tags?post=15668"},{"taxonomy":"categoria_noticias","embeddable":true,"href":"https:\/\/portal.fgeo.gob.mx\/index.php\/wp-json\/wp\/v2\/categoria_noticias?post=15668"}],"curies":[{"name":"wp","href":"https:\/\/api.w.org\/{rel}","templated":true}]}}