{"id":15667,"date":"2023-06-09T14:59:11","date_gmt":"2023-06-09T20:59:11","guid":{"rendered":"http:\/\/fge.oaxaca.gob.mx\/?post_type=noticias&amp;p=5079"},"modified":"2023-06-09T14:59:11","modified_gmt":"2023-06-09T20:59:11","slug":"obtiene-fgeo-vinculacion-a-proceso-de-imputado-por-homicidio-de-tesorero-de-amoltepec","status":"publish","type":"noticias","link":"https:\/\/portal.fgeo.gob.mx\/index.php\/archivos\/noticias\/obtiene-fgeo-vinculacion-a-proceso-de-imputado-por-homicidio-de-tesorero-de-amoltepec","title":{"rendered":"Obtiene FGEO vinculaci\u00f3n a proceso de imputado por homicidio de tesorero de Amoltepec"},"content":{"rendered":"<p style=\"text-align: justify;\"><strong>Oaxaca de Ju\u00e1rez, Oax., a 9 de junio de 2023.- \u00a0<\/strong>La Fiscal\u00eda General del Estado de Oaxaca (FGEO) obtuvo auto de vinculaci\u00f3n a proceso en contra de F.H.T, imputado por el delito de homicidio simple, cometido en agravio de una persona identificada como T.O.V., quien se desempe\u00f1aba como tesorero municipal del Ayuntamiento de Santiago Amoltepec, en la regi\u00f3n de la Sierra Sur.<\/p>\n<p style=\"text-align: justify;\">\n<p style=\"text-align: justify;\">De acuerdo con el expediente penal, los hechos ocurrieron el 1 de junio de 2023, cuando la v\u00edctima caminaba sobre una vereda que conduce a la comunidad de San Miguel La Tortuga, perteneciente al municipio de Santiago Amoltepec, cuando sufri\u00f3 una agresi\u00f3n que termin\u00f3 con su vida.<\/p>\n<p style=\"text-align: justify;\">\n<p style=\"text-align: justify;\">Ante la situaci\u00f3n, la polic\u00eda municipal del lugar logr\u00f3 la detenci\u00f3n inmediata del imputado, debido a que se configuraba el supuesto de flagrancia y fue puesto a disposici\u00f3n inmediata de la FGEO, por lo que el caso fue atra\u00eddo por la Vicefiscal\u00eda General de Control Regional, misma que despleg\u00f3 un equipo multidisciplinario que proces\u00f3 la escena del crimen, donde aseguraron indicios hallados en el sitio con el objetivo de colaborar con las investigaciones en torno a este homicidio.<\/p>\n<p style=\"text-align: justify;\">\n<p style=\"text-align: justify;\">Derivado de las labores de la Fiscal\u00eda, se establecieron s\u00f3lidas l\u00edneas de investigaci\u00f3n por las que se liber\u00f3 la orden de aprehensi\u00f3n que se ejecut\u00f3 en contra de F.H.T quien fue puesto a disposici\u00f3n del Juez de Control del Circuito Judicial, con sede en Villa de Sola Vega, Oaxaca, quien dict\u00f3 auto de vinculaci\u00f3n a proceso en contra del imputado, por el delito de homicidio simple intencional, e\u00a0 impuso prisi\u00f3n preventiva justificada, adem\u00e1s que otorg\u00f3 4 meses para el cierre de la investigaci\u00f3n.<\/p>\n<p style=\"text-align: justify;\">\n<p style=\"text-align: justify;\">El empleo de protocolos de investigaci\u00f3n y la aplicaci\u00f3n de t\u00e9cnicas cient\u00edficas en torno a los casos, permiten a la Fiscal\u00eda de Oaxaca tener certeza en los trabajos de Procuraci\u00f3n de Justicia a favor de\u00a0las\u00a0v\u00edctimas.<\/p>\n","protected":false},"author":1,"featured_media":3175,"comment_status":"closed","ping_status":"closed","template":"","tags":[],"categoria_noticias":[],"class_list":["post-15667","noticias","type-noticias","status-publish","has-post-thumbnail","hentry"],"acf":[],"mb":[],"mfb_rest_fields":["title","gutenberg_elementor_mode"],"_links":{"self":[{"href":"https:\/\/portal.fgeo.gob.mx\/index.php\/wp-json\/wp\/v2\/noticias\/15667","targetHints":{"allow":["GET"]}}],"collection":[{"href":"https:\/\/portal.fgeo.gob.mx\/index.php\/wp-json\/wp\/v2\/noticias"}],"about":[{"href":"https:\/\/portal.fgeo.gob.mx\/index.php\/wp-json\/wp\/v2\/types\/noticias"}],"author":[{"embeddable":true,"href":"https:\/\/portal.fgeo.gob.mx\/index.php\/wp-json\/wp\/v2\/users\/1"}],"replies":[{"embeddable":true,"href":"https:\/\/portal.fgeo.gob.mx\/index.php\/wp-json\/wp\/v2\/comments?post=15667"}],"wp:featuredmedia":[{"embeddable":true,"href":"https:\/\/portal.fgeo.gob.mx\/index.php\/wp-json\/"}],"wp:attachment":[{"href":"https:\/\/portal.fgeo.gob.mx\/index.php\/wp-json\/wp\/v2\/media?parent=15667"}],"wp:term":[{"taxonomy":"post_tag","embeddable":true,"href":"https:\/\/portal.fgeo.gob.mx\/index.php\/wp-json\/wp\/v2\/tags?post=15667"},{"taxonomy":"categoria_noticias","embeddable":true,"href":"https:\/\/portal.fgeo.gob.mx\/index.php\/wp-json\/wp\/v2\/categoria_noticias?post=15667"}],"curies":[{"name":"wp","href":"https:\/\/api.w.org\/{rel}","templated":true}]}}