{"id":15663,"date":"2023-06-07T16:31:10","date_gmt":"2023-06-07T22:31:10","guid":{"rendered":"http:\/\/fge.oaxaca.gob.mx\/?post_type=noticias&amp;p=5072"},"modified":"2023-06-07T16:31:10","modified_gmt":"2023-06-07T22:31:10","slug":"ejecuta-fiscalia-de-oaxaca-orden-de-aprehension-por-delito-de-pederastia-cometido-en-valles-centrales","status":"publish","type":"noticias","link":"https:\/\/portal.fgeo.gob.mx\/index.php\/archivos\/noticias\/ejecuta-fiscalia-de-oaxaca-orden-de-aprehension-por-delito-de-pederastia-cometido-en-valles-centrales","title":{"rendered":"Ejecuta Fiscal\u00eda de Oaxaca orden de aprehensi\u00f3n por delito de pederastia cometido en Valles Centrales"},"content":{"rendered":"<p style=\"text-align: justify;\"><strong>Oaxaca de Ju\u00e1rez, Oax., a 7 de junio de 2023.-\u00a0<\/strong>Derivado de las investigaciones realizadas por la Fiscal\u00eda Especializada para la Atenci\u00f3n a Delitos contra la Mujer por Raz\u00f3n de G\u00e9nero de la Fiscal\u00eda General del Estado de Oaxaca (FGEO), se logr\u00f3 ejecutar una orden de aprehensi\u00f3n en contra de un hombre identificado como G. V. C., por el delito de Pederastia.<\/p>\n<p style=\"text-align: justify;\">\n<p style=\"text-align: justify;\">De acuerdo con el expediente penal, los hechos ocurrieron en dos lugares diferentes el d\u00eda 29 de abril de 2023.<\/p>\n<p style=\"text-align: justify;\">\n<p style=\"text-align: justify;\">La primera agresi\u00f3n sexual en agravio de una ni\u00f1a sucedi\u00f3 en el municipio de Santa Cruz Amilpas, mientras que la segunda ocasi\u00f3n ocurri\u00f3 en un domicilio particular del municipio de San Antonio de la Cal, ambos dentro de la Zona Metropolitana de Oaxaca.<\/p>\n<p style=\"text-align: justify;\">\n<p style=\"text-align: justify;\">La familia de la v\u00edctima acudi\u00f3 ante la FGEO para denunciar el caso, por lo que se iniciaron las investigaciones al respecto, que permitieron la obtenci\u00f3n de la orden de aprehensi\u00f3n en contra de G. V. C. quien fue detenido por elementos de la Agencia Estatal de Investigaciones (AEI), y ser\u00e1 presentado ante el Juez que atiende la causa para que resuelva su situaci\u00f3n jur\u00eddica en las pr\u00f3ximas horas.<\/p>\n<p style=\"text-align: justify;\">\n<p style=\"text-align: justify;\">Garantizar que se respeten los derechos fundamentales de ni\u00f1as, ni\u00f1os y adolescentes, as\u00ed como que se desarrollen en una vida libre de violencia, es parte de las labores inscritas en los procesos de procuraci\u00f3n de justicia que realiza la Fiscal\u00eda de Oaxaca a favor de\u00a0las\u00a0v\u00edctimas.<\/p>\n","protected":false},"author":1,"featured_media":3175,"comment_status":"closed","ping_status":"closed","template":"","tags":[],"categoria_noticias":[],"class_list":["post-15663","noticias","type-noticias","status-publish","has-post-thumbnail","hentry"],"acf":[],"mb":[],"mfb_rest_fields":["title","gutenberg_elementor_mode"],"_links":{"self":[{"href":"https:\/\/portal.fgeo.gob.mx\/index.php\/wp-json\/wp\/v2\/noticias\/15663","targetHints":{"allow":["GET"]}}],"collection":[{"href":"https:\/\/portal.fgeo.gob.mx\/index.php\/wp-json\/wp\/v2\/noticias"}],"about":[{"href":"https:\/\/portal.fgeo.gob.mx\/index.php\/wp-json\/wp\/v2\/types\/noticias"}],"author":[{"embeddable":true,"href":"https:\/\/portal.fgeo.gob.mx\/index.php\/wp-json\/wp\/v2\/users\/1"}],"replies":[{"embeddable":true,"href":"https:\/\/portal.fgeo.gob.mx\/index.php\/wp-json\/wp\/v2\/comments?post=15663"}],"wp:featuredmedia":[{"embeddable":true,"href":"https:\/\/portal.fgeo.gob.mx\/index.php\/wp-json\/"}],"wp:attachment":[{"href":"https:\/\/portal.fgeo.gob.mx\/index.php\/wp-json\/wp\/v2\/media?parent=15663"}],"wp:term":[{"taxonomy":"post_tag","embeddable":true,"href":"https:\/\/portal.fgeo.gob.mx\/index.php\/wp-json\/wp\/v2\/tags?post=15663"},{"taxonomy":"categoria_noticias","embeddable":true,"href":"https:\/\/portal.fgeo.gob.mx\/index.php\/wp-json\/wp\/v2\/categoria_noticias?post=15663"}],"curies":[{"name":"wp","href":"https:\/\/api.w.org\/{rel}","templated":true}]}}