{"id":15662,"date":"2023-06-07T16:30:53","date_gmt":"2023-06-07T22:30:53","guid":{"rendered":"http:\/\/fge.oaxaca.gob.mx\/?post_type=noticias&amp;p=5071"},"modified":"2023-06-07T16:30:53","modified_gmt":"2023-06-07T22:30:53","slug":"fiscalia-de-oaxaca-encuentra-en-la-capital-oaxaquena-a-adolescente-reportada-con-no-localizada-en-el-istmo","status":"publish","type":"noticias","link":"https:\/\/portal.fgeo.gob.mx\/index.php\/archivos\/noticias\/fiscalia-de-oaxaca-encuentra-en-la-capital-oaxaquena-a-adolescente-reportada-con-no-localizada-en-el-istmo","title":{"rendered":"Fiscal\u00eda de Oaxaca encuentra en la capital oaxaque\u00f1a, a adolescente reportada con No Localizada en el Istmo"},"content":{"rendered":"<p style=\"text-align: justify;\"><strong>Oaxaca de Ju\u00e1rez, Oax., a 7 de junio de 2023.- \u00a0<\/strong>La Fiscal\u00eda General del Estado de Oaxaca (FGEO) encontr\u00f3 a una adolescente de 13 a\u00f1os de edad, identificada como G. A. M. E., quien estaba reportada como No Localizada desde el pasado 16 de mayo de 2023.<\/p>\n<p style=\"text-align: justify;\">\n<p style=\"text-align: justify;\">Gracias al apoyo de la ciudadan\u00eda, el 6 de junio de 2023 se logr\u00f3 dar con el paradero de la adolescente, cuya ausencia fue reportada ante la Unidad de B\u00fasqueda de Personas No Localizadas (DNOL), perteneciente a la Vicefiscal\u00eda General de Atenci\u00f3n a V\u00edctimas y a la Sociedad.<\/p>\n<p style=\"text-align: justify;\">\n<p style=\"text-align: justify;\">En la denuncia puesta por la familia de G. A. M. E., se estableci\u00f3 que hab\u00eda sido vista por \u00faltima vez el 14 de mayo de 2023 en el centro del Puerto de Salina Cruz, en el Istmo de Tehuantepec.<\/p>\n<p style=\"text-align: justify;\">\n<p style=\"text-align: justify;\">La localizaci\u00f3n de la v\u00edctima se logr\u00f3 gracias a los aportes de la ciudadan\u00eda, con lo cual fue posible establecer que la adolescente se encontraba en una terminal de autobuses de la ciudad de Oaxaca de Ju\u00e1rez.<\/p>\n<p style=\"text-align: justify;\">\n<p style=\"text-align: justify;\">Ante ello, personal de la Agencia Estatal de Investigaciones (AEI) se traslad\u00f3 al lugar para realizar las diligencias correspondientes y trasladar a G.A.M.E, ante el Ministerio P\u00fablico de la Unidad de B\u00fasqueda para posteriormente ser resguardada en el Centro de Justicia para Mujeres para ser restituida con su familia.<\/p>\n<p style=\"text-align: justify;\">\n<p style=\"text-align: justify;\">En las labores de b\u00fasqueda y localizaci\u00f3n de personas que realiza la Fiscal\u00eda de Oaxaca, el apoyo de la ciudadan\u00eda es fundamental para dar con\u00a0el\u00a0paradero de las personas No Localizadas.<\/p>\n","protected":false},"author":1,"featured_media":3175,"comment_status":"closed","ping_status":"closed","template":"","tags":[],"categoria_noticias":[],"class_list":["post-15662","noticias","type-noticias","status-publish","has-post-thumbnail","hentry"],"acf":[],"mb":[],"mfb_rest_fields":["title","gutenberg_elementor_mode"],"_links":{"self":[{"href":"https:\/\/portal.fgeo.gob.mx\/index.php\/wp-json\/wp\/v2\/noticias\/15662","targetHints":{"allow":["GET"]}}],"collection":[{"href":"https:\/\/portal.fgeo.gob.mx\/index.php\/wp-json\/wp\/v2\/noticias"}],"about":[{"href":"https:\/\/portal.fgeo.gob.mx\/index.php\/wp-json\/wp\/v2\/types\/noticias"}],"author":[{"embeddable":true,"href":"https:\/\/portal.fgeo.gob.mx\/index.php\/wp-json\/wp\/v2\/users\/1"}],"replies":[{"embeddable":true,"href":"https:\/\/portal.fgeo.gob.mx\/index.php\/wp-json\/wp\/v2\/comments?post=15662"}],"wp:featuredmedia":[{"embeddable":true,"href":"https:\/\/portal.fgeo.gob.mx\/index.php\/wp-json\/"}],"wp:attachment":[{"href":"https:\/\/portal.fgeo.gob.mx\/index.php\/wp-json\/wp\/v2\/media?parent=15662"}],"wp:term":[{"taxonomy":"post_tag","embeddable":true,"href":"https:\/\/portal.fgeo.gob.mx\/index.php\/wp-json\/wp\/v2\/tags?post=15662"},{"taxonomy":"categoria_noticias","embeddable":true,"href":"https:\/\/portal.fgeo.gob.mx\/index.php\/wp-json\/wp\/v2\/categoria_noticias?post=15662"}],"curies":[{"name":"wp","href":"https:\/\/api.w.org\/{rel}","templated":true}]}}