{"id":15661,"date":"2023-06-06T19:07:59","date_gmt":"2023-06-07T01:07:59","guid":{"rendered":"http:\/\/fge.oaxaca.gob.mx\/?post_type=noticias&amp;p=5065"},"modified":"2023-06-06T19:07:59","modified_gmt":"2023-06-07T01:07:59","slug":"firmanconvenio-colaboracion-fiscalia-general-de-oaxacay-organizacionasi-legal","status":"publish","type":"noticias","link":"https:\/\/portal.fgeo.gob.mx\/index.php\/archivos\/noticias\/firmanconvenio-colaboracion-fiscalia-general-de-oaxacay-organizacionasi-legal","title":{"rendered":"Firmanconvenio colaboraci\u00f3n Fiscal\u00eda General de Oaxacay organizaci\u00f3nASI Legal"},"content":{"rendered":"<p style=\"text-align: center;\"><img fetchpriority=\"high\" decoding=\"async\" class=\"aligncenter wp-image-5066\" src=\"http:\/\/fge.oaxaca.gob.mx\/wp-content\/uploads\/2023\/06\/Firmanconvenio-colaboraci\u00f3n-Fiscal\u00eda-General-de-Oaxacay-organizaci\u00f3nASI-Legal-2.jpeg\" alt=\"\" width=\"489\" height=\"340\" \/><\/p>\n<p style=\"text-align: justify;\"><strong>Oaxaca de Ju\u00e1rez, Oax., a 6 de junio de 2023.- \u00a0<\/strong>El Fiscal General del Estado de\u00a0 Oaxaca, Bernardo Rodr\u00edguez Alamilla y el director de la organizaci\u00f3n Asistencia Legal por los Derechos Humanos (ASI Legal), Jos\u00e9 Luis Guti\u00e9rrez, firmaron un convenio de colaboraci\u00f3n para fortalecer la defensa, protecci\u00f3n y promoci\u00f3n de los derechos de las v\u00edctimas, as\u00ed como de las personas en conflicto con la ley, desde la FGEO.<\/p>\n<p style=\"text-align: justify;\">Acompa\u00f1ado por el coordinador Jur\u00eddico de ASI Legal, Cristopher Alexis S\u00e1nchez, as\u00ed como integrantes de la instituci\u00f3n, entre ellos el director del Instituto de Formaci\u00f3n y Capacitaci\u00f3n Profesional de la Fiscal\u00eda, Juan Pablo Garc\u00eda; el Contralor General, Jorge Cruz Caballero; Rodr\u00edguez Alamilla afirm\u00f3 que este convenio forma parte del proceso de reconfiguraci\u00f3n y fortalecimiento de la instituci\u00f3n.<\/p>\n<p style=\"text-align: justify;\">Y apunt\u00f3 que, a trav\u00e9s de la suma de esfuerzos se pueden establecer sinergias con organizaciones de la sociedad civil que coadyuven a la formaci\u00f3n del personal de la instituci\u00f3n, para contribuir con el mejoramiento de sus capacidades de atenci\u00f3n y en los procesos de investigaci\u00f3n.<\/p>\n<p style=\"text-align: justify;\">El Fiscal General reconoci\u00f3 que los aportes de ASI Legal en materia de la capacitaci\u00f3n, consultor\u00eda y asesor\u00eda en materia de enfoque de derechos humanos e interseccional, permitir\u00e1 mejorar los procesos de investigaci\u00f3n y procuraci\u00f3n de justicia, adem\u00e1s de contribuir con la reingenier\u00eda institucional, para brindar a la sociedad mejores resultados.<\/p>\n<p style=\"text-align: justify;\">Reiter\u00f3 que el acuerdo forma parte del compromiso institucional de coordinar esfuerzos y realizar alianzas estrat\u00e9gicas que permitan fortalecer, hacer eficiente y eficaz la procuraci\u00f3n de justicia, para lo cual es indispensable la participaci\u00f3n de la sociedad civil organizada.<\/p>\n<p style=\"text-align: justify;\">Por su parte, el director de Asistencia Legal por los Derechos Humanos Jos\u00e9 Luis Guti\u00e9rrez agradeci\u00f3 la apertura para la firma del convenio, y a\u00f1adi\u00f3 que desde este organismo se puede contribuir en materia de capacitaci\u00f3n para que desde las instituciones puedan incorporar el enfoque interseccional que ayude a dar a las investigaciones un enfoque con perspectiva de derechos humanos.<\/p>\n<p style=\"text-align: justify;\">Agreg\u00f3 que ASI Legal tiene como objetivo contribuir en el acceso a la justicia, especialmente con sectores como mujeres, personas ind\u00edgenas, miembros de la comunidad de la diversidad sexual, por lo que refrend\u00f3 la importancia de mantener un trabajo coordinado con la instituci\u00f3n.<\/p>\n","protected":false},"author":1,"featured_media":5066,"comment_status":"closed","ping_status":"closed","template":"","tags":[],"categoria_noticias":[],"class_list":["post-15661","noticias","type-noticias","status-publish","has-post-thumbnail","hentry"],"acf":[],"mb":[],"mfb_rest_fields":["title","gutenberg_elementor_mode"],"_links":{"self":[{"href":"https:\/\/portal.fgeo.gob.mx\/index.php\/wp-json\/wp\/v2\/noticias\/15661","targetHints":{"allow":["GET"]}}],"collection":[{"href":"https:\/\/portal.fgeo.gob.mx\/index.php\/wp-json\/wp\/v2\/noticias"}],"about":[{"href":"https:\/\/portal.fgeo.gob.mx\/index.php\/wp-json\/wp\/v2\/types\/noticias"}],"author":[{"embeddable":true,"href":"https:\/\/portal.fgeo.gob.mx\/index.php\/wp-json\/wp\/v2\/users\/1"}],"replies":[{"embeddable":true,"href":"https:\/\/portal.fgeo.gob.mx\/index.php\/wp-json\/wp\/v2\/comments?post=15661"}],"wp:featuredmedia":[{"embeddable":true,"href":"https:\/\/portal.fgeo.gob.mx\/index.php\/wp-json\/"}],"wp:attachment":[{"href":"https:\/\/portal.fgeo.gob.mx\/index.php\/wp-json\/wp\/v2\/media?parent=15661"}],"wp:term":[{"taxonomy":"post_tag","embeddable":true,"href":"https:\/\/portal.fgeo.gob.mx\/index.php\/wp-json\/wp\/v2\/tags?post=15661"},{"taxonomy":"categoria_noticias","embeddable":true,"href":"https:\/\/portal.fgeo.gob.mx\/index.php\/wp-json\/wp\/v2\/categoria_noticias?post=15661"}],"curies":[{"name":"wp","href":"https:\/\/api.w.org\/{rel}","templated":true}]}}