{"id":15660,"date":"2023-06-05T20:12:16","date_gmt":"2023-06-06T02:12:16","guid":{"rendered":"http:\/\/fge.oaxaca.gob.mx\/?post_type=noticias&amp;p=5062"},"modified":"2023-06-05T20:12:16","modified_gmt":"2023-06-06T02:12:16","slug":"atencionintegral-a-vicefiscalias-regionalesfundamento-basico-para-el-fortalecimiento-de-la-fgeo-rodriguez-alamilla","status":"publish","type":"noticias","link":"https:\/\/portal.fgeo.gob.mx\/index.php\/archivos\/noticias\/atencionintegral-a-vicefiscalias-regionalesfundamento-basico-para-el-fortalecimiento-de-la-fgeo-rodriguez-alamilla","title":{"rendered":"Atenci\u00f3nintegral a Vicefiscal\u00edas Regionales,fundamento b\u00e1sico para el fortalecimiento de la FGEO: Rodr\u00edguez Alamilla"},"content":{"rendered":"<p style=\"text-align: center;\"><img fetchpriority=\"high\" decoding=\"async\" class=\"aligncenter  wp-image-5063\" src=\"http:\/\/fge.oaxaca.gob.mx\/wp-content\/uploads\/2023\/06\/Atenci\u00f3n-integral-a-Vicefiscal\u00edas-Regionales-fundamento-b\u00e1sico-para-el-fortalecimiento-de-la-FGEO-Rodr\u00edguez-Alamilla-3.jpeg\" alt=\"\" width=\"575\" height=\"383\" \/><\/p>\n<p style=\"text-align: justify;\"><strong>Huajuapan de Le\u00f3n, Oax., a 5 de junio de 2023.- \u00a0<\/strong>Al realizar un recorrido por las instalaciones de la Vicefiscal\u00eda Regional de la Mixteca, el Fiscal General del Estado de Oaxaca, Bernardo Rodr\u00edguez Alamilla reiter\u00f3 que el trabajo coordinado y conjunto con la plantilla laboral de la instituci\u00f3n es una prioridad para fortalecer la atenci\u00f3n a personas v\u00edctimas de delitos.<\/p>\n<p style=\"text-align: justify;\">Sostuvo que parte fundamental de las acciones emprendidas en esta administraci\u00f3n, consiste en realizar una reingenier\u00eda de forma y fondo para dar mejores resultados a la ciudadan\u00eda, por lo que es fundamental entablar un contacto permanente con las y los trabajadores del organismo procurador de justicia.<\/p>\n<p style=\"text-align: justify;\">Rodr\u00edguez Alamilla resalt\u00f3 que poder reunirse con el personal administrativo, ministerios p\u00fablicos, agentes de investigaci\u00f3n y responsables de las diferentes \u00e1reas que laboran en la regi\u00f3n, le permite conocer los retos cotidianos que enfrentan al momento de realizar su trabajo, adem\u00e1s de que ellas y ellos pueden brindar informaci\u00f3n relevante sobre la situaci\u00f3n que prevalece en las comunidades.<\/p>\n<p style=\"text-align: justify;\">Asimismo, refrend\u00f3 el compromiso de trabajar para el mejoramiento de los servicios de atenci\u00f3n a las v\u00edctimas, sin embargo, para lograrlo es necesario tambi\u00e9n mejorar las condiciones de las y los trabajadores, pues las instituciones est\u00e1n hechas por personas.<\/p>\n<p style=\"text-align: justify;\">Y aprovech\u00f3 para reconocer el trabajo cotidiano de quienes colaboran en esa oficina regional de la Fiscal\u00eda General del Estado, a quienes encomend\u00f3 impulsar una procuraci\u00f3n de justicia desde una perspectiva que privilegie la atenci\u00f3n de las v\u00edctimas y sus derechos.<\/p>\n<p style=\"text-align: justify;\">Finalmente, reiter\u00f3 que la reingenier\u00eda institucional busca que los resultados que se le den a la ciudadan\u00eda, pero especialmente a las v\u00edctimas, les permita tener certeza jur\u00eddica, as\u00ed como acceso a la justicia y a la reparaci\u00f3n del da\u00f1o.<\/p>\n","protected":false},"author":1,"featured_media":5063,"comment_status":"closed","ping_status":"closed","template":"","tags":[],"categoria_noticias":[],"class_list":["post-15660","noticias","type-noticias","status-publish","has-post-thumbnail","hentry"],"acf":[],"mb":[],"mfb_rest_fields":["title","gutenberg_elementor_mode"],"_links":{"self":[{"href":"https:\/\/portal.fgeo.gob.mx\/index.php\/wp-json\/wp\/v2\/noticias\/15660","targetHints":{"allow":["GET"]}}],"collection":[{"href":"https:\/\/portal.fgeo.gob.mx\/index.php\/wp-json\/wp\/v2\/noticias"}],"about":[{"href":"https:\/\/portal.fgeo.gob.mx\/index.php\/wp-json\/wp\/v2\/types\/noticias"}],"author":[{"embeddable":true,"href":"https:\/\/portal.fgeo.gob.mx\/index.php\/wp-json\/wp\/v2\/users\/1"}],"replies":[{"embeddable":true,"href":"https:\/\/portal.fgeo.gob.mx\/index.php\/wp-json\/wp\/v2\/comments?post=15660"}],"wp:featuredmedia":[{"embeddable":true,"href":"https:\/\/portal.fgeo.gob.mx\/index.php\/wp-json\/"}],"wp:attachment":[{"href":"https:\/\/portal.fgeo.gob.mx\/index.php\/wp-json\/wp\/v2\/media?parent=15660"}],"wp:term":[{"taxonomy":"post_tag","embeddable":true,"href":"https:\/\/portal.fgeo.gob.mx\/index.php\/wp-json\/wp\/v2\/tags?post=15660"},{"taxonomy":"categoria_noticias","embeddable":true,"href":"https:\/\/portal.fgeo.gob.mx\/index.php\/wp-json\/wp\/v2\/categoria_noticias?post=15660"}],"curies":[{"name":"wp","href":"https:\/\/api.w.org\/{rel}","templated":true}]}}