{"id":15658,"date":"2023-06-05T16:24:29","date_gmt":"2023-06-05T22:24:29","guid":{"rendered":"http:\/\/fge.oaxaca.gob.mx\/?post_type=noticias&amp;p=5060"},"modified":"2023-06-05T16:24:29","modified_gmt":"2023-06-05T22:24:29","slug":"fiscalia-de-oaxaca-obtiene-sentencia-superior-a-los-32-anos-de-prision-contra-responsable-de-violacion-cometida-contra-adolescente","status":"publish","type":"noticias","link":"https:\/\/portal.fgeo.gob.mx\/index.php\/archivos\/noticias\/fiscalia-de-oaxaca-obtiene-sentencia-superior-a-los-32-anos-de-prision-contra-responsable-de-violacion-cometida-contra-adolescente","title":{"rendered":"Fiscal\u00eda de Oaxaca obtiene sentencia superior a los 32 a\u00f1os de prisi\u00f3n, contra responsable de violaci\u00f3n cometida contra adolescente"},"content":{"rendered":"<p style=\"text-align: justify;\"><strong>Oaxaca de Ju\u00e1rez, Oax., a 5 de junio de 2023.- \u00a0<\/strong>Una sentencia superior a los 32 a\u00f1os de prisi\u00f3n, obtuvo la Fiscal\u00eda General del Estado de Oaxaca (FGEO) gracias al trabajo con perspectiva de g\u00e9nero que realiz\u00f3 al investigar los delitos Abuso Sexual Agravada y Violaci\u00f3n Agravada, cometidos por la persona del sexo masculino identificada como A. M. C., en agravio de una adolescente.<\/p>\n<p style=\"text-align: justify;\">\n<p style=\"text-align: justify;\">De acuerdo con el expediente penal, los hechos ocurrieron en dos ocasiones, el 2 de noviembre de 2020 y el 14 de febrero de 2021, en un domicilio particular de la poblaci\u00f3n de San Isidro Manteca, en el municipio de San Carlos Yautepec.<\/p>\n<p style=\"text-align: justify;\">\n<p style=\"text-align: justify;\">En el lugar, el sentenciado, A. M. C. agredi\u00f3 sexualmente a una adolescente, por lo que la v\u00edctima comunic\u00f3 los hechos a sus familiares quienes la respaldaron para presentar la denuncia ante la FGEO, el caso qued\u00f3 a cargo de la Vicefiscal\u00eda Regional del Istmo que inici\u00f3 las investigaciones que permitieron ejecutar una orden de aprehensi\u00f3n contra el imputado.<\/p>\n<p style=\"text-align: justify;\">\n<p style=\"text-align: justify;\">Luego de reunir las pruebas suficientes y presentarlas ante el Juez que atiende la causa, \u00e9ste dict\u00f3 sentencia condenatoria de 32 a\u00f1os y 3 meses de prisi\u00f3n en contra de A. M. C., adem\u00e1s que impuso el pago superior a los 140 mil pesos como multa por su responsabilidad en la comisi\u00f3n de los delitos de Abuso Sexual Agravado y Violaci\u00f3n Agravada.<\/p>\n<p style=\"text-align: justify;\">\n<p style=\"text-align: justify;\">La Fiscal\u00eda de Oaxaca realiza trabajos con perspectiva de g\u00e9nero en casos de agresiones sexuales contra mujeres para considerar las particularidades de las v\u00edctimas dentro de las investigaciones para obtener las sentencias m\u00e1s severas en contra de los\u00a0responsables.<\/p>\n","protected":false},"author":1,"featured_media":3175,"comment_status":"closed","ping_status":"closed","template":"","tags":[],"categoria_noticias":[],"class_list":["post-15658","noticias","type-noticias","status-publish","has-post-thumbnail","hentry"],"acf":[],"mb":[],"mfb_rest_fields":["title","gutenberg_elementor_mode"],"_links":{"self":[{"href":"https:\/\/portal.fgeo.gob.mx\/index.php\/wp-json\/wp\/v2\/noticias\/15658","targetHints":{"allow":["GET"]}}],"collection":[{"href":"https:\/\/portal.fgeo.gob.mx\/index.php\/wp-json\/wp\/v2\/noticias"}],"about":[{"href":"https:\/\/portal.fgeo.gob.mx\/index.php\/wp-json\/wp\/v2\/types\/noticias"}],"author":[{"embeddable":true,"href":"https:\/\/portal.fgeo.gob.mx\/index.php\/wp-json\/wp\/v2\/users\/1"}],"replies":[{"embeddable":true,"href":"https:\/\/portal.fgeo.gob.mx\/index.php\/wp-json\/wp\/v2\/comments?post=15658"}],"wp:featuredmedia":[{"embeddable":true,"href":"https:\/\/portal.fgeo.gob.mx\/index.php\/wp-json\/"}],"wp:attachment":[{"href":"https:\/\/portal.fgeo.gob.mx\/index.php\/wp-json\/wp\/v2\/media?parent=15658"}],"wp:term":[{"taxonomy":"post_tag","embeddable":true,"href":"https:\/\/portal.fgeo.gob.mx\/index.php\/wp-json\/wp\/v2\/tags?post=15658"},{"taxonomy":"categoria_noticias","embeddable":true,"href":"https:\/\/portal.fgeo.gob.mx\/index.php\/wp-json\/wp\/v2\/categoria_noticias?post=15658"}],"curies":[{"name":"wp","href":"https:\/\/api.w.org\/{rel}","templated":true}]}}