{"id":15657,"date":"2023-06-04T13:01:02","date_gmt":"2023-06-04T19:01:02","guid":{"rendered":"http:\/\/fge.oaxaca.gob.mx\/?post_type=noticias&amp;p=5059"},"modified":"2023-06-04T13:01:02","modified_gmt":"2023-06-04T19:01:02","slug":"obtiene-fiscalia-de-oaxaca-vinculacion-a-proceso-por-violacion-de-una-adolescente-cometida-en-la-mixteca","status":"publish","type":"noticias","link":"https:\/\/portal.fgeo.gob.mx\/index.php\/archivos\/noticias\/obtiene-fiscalia-de-oaxaca-vinculacion-a-proceso-por-violacion-de-una-adolescente-cometida-en-la-mixteca","title":{"rendered":"Obtiene Fiscal\u00eda de Oaxaca vinculaci\u00f3n a proceso por violaci\u00f3n de una adolescente, cometida en la Mixteca"},"content":{"rendered":"<p style=\"text-align: justify;\"><strong>Oaxaca de Ju\u00e1rez, Oax., a 4 de junio de 2023<\/strong>.- La Fiscal\u00eda General del Estado de Oaxaca (FGEO) obtuvo auto de vinculaci\u00f3n a proceso en contra de J. J. E. H., imputado por los delitos de Abuso Sexual Agravado y Equiparado a la Violaci\u00f3n Agravada, cometidos en agravio de una adolescente en la regi\u00f3n de la Mixteca.<\/p>\n<p style=\"text-align: justify;\">De acuerdo con el expediente penal, los hechos ocurrieron en 2018 y diferentes fechas de 2023, agresiones sexuales que ocurrieron en el interior de un domicilio particular en el barrio de San Francisco del municipio de Villa Tamazul\u00e1pam del Progreso.<\/p>\n<p style=\"text-align: justify;\">La familia de la v\u00edctima acudi\u00f3 ante la Vicefiscal\u00eda Regional de la Mixteca para realizar la denuncia, por lo que, luego de realizar las investigaciones conjuntamente con la Fiscal\u00eda Especializada para la Atenci\u00f3n de Delitos contra la Mujer por Raz\u00f3n de G\u00e9nero, se obtuvo la orden de aprehensi\u00f3n que se ejecut\u00f3 en contra del imputado.<\/p>\n<p style=\"text-align: justify;\">Luego de reunir pruebas suficientes, la FGEO present\u00f3 a J. J. E. H. ante el Juez que atiende la causa, quien dict\u00f3 auto de vinculaci\u00f3n a proceso en su contra, adem\u00e1s que impuso prisi\u00f3n preventiva justificada como medida cautelar y otorg\u00f3 tres meses para el cierre de la investigaci\u00f3n.<\/p>\n<p style=\"text-align: justify;\">La Fiscal\u00eda de Oaxaca investiga con especial rigurosidad los casos de agresi\u00f3n sexual contra ni\u00f1as, ni\u00f1os y adolescentes, para garantizar que tengan acceso pleno a la justicia adem\u00e1s de brindar acompa\u00f1amiento integral para garantizar una vida libre de violencia.<\/p>\n","protected":false},"author":1,"featured_media":3175,"comment_status":"closed","ping_status":"closed","template":"","tags":[],"categoria_noticias":[],"class_list":["post-15657","noticias","type-noticias","status-publish","has-post-thumbnail","hentry"],"acf":[],"mb":[],"mfb_rest_fields":["title","gutenberg_elementor_mode"],"_links":{"self":[{"href":"https:\/\/portal.fgeo.gob.mx\/index.php\/wp-json\/wp\/v2\/noticias\/15657","targetHints":{"allow":["GET"]}}],"collection":[{"href":"https:\/\/portal.fgeo.gob.mx\/index.php\/wp-json\/wp\/v2\/noticias"}],"about":[{"href":"https:\/\/portal.fgeo.gob.mx\/index.php\/wp-json\/wp\/v2\/types\/noticias"}],"author":[{"embeddable":true,"href":"https:\/\/portal.fgeo.gob.mx\/index.php\/wp-json\/wp\/v2\/users\/1"}],"replies":[{"embeddable":true,"href":"https:\/\/portal.fgeo.gob.mx\/index.php\/wp-json\/wp\/v2\/comments?post=15657"}],"wp:featuredmedia":[{"embeddable":true,"href":"https:\/\/portal.fgeo.gob.mx\/index.php\/wp-json\/"}],"wp:attachment":[{"href":"https:\/\/portal.fgeo.gob.mx\/index.php\/wp-json\/wp\/v2\/media?parent=15657"}],"wp:term":[{"taxonomy":"post_tag","embeddable":true,"href":"https:\/\/portal.fgeo.gob.mx\/index.php\/wp-json\/wp\/v2\/tags?post=15657"},{"taxonomy":"categoria_noticias","embeddable":true,"href":"https:\/\/portal.fgeo.gob.mx\/index.php\/wp-json\/wp\/v2\/categoria_noticias?post=15657"}],"curies":[{"name":"wp","href":"https:\/\/api.w.org\/{rel}","templated":true}]}}